{"id":81886,"date":"2025-08-25T18:46:23","date_gmt":"2025-08-25T15:46:23","guid":{"rendered":"https:\/\/infois.ro\/?p=81886"},"modified":"2025-08-26T14:49:36","modified_gmt":"2025-08-26T11:49:36","slug":"a-inceput-verificarea-circuitelor-de-termoficare-urbana","status":"publish","type":"post","link":"http:\/\/infois.ro\/?p=81886","title":{"rendered":"A \u00eenceput verificarea circuitelor de termoficare urban\u0103"},"content":{"rendered":"<p><img loading=\"lazy\" decoding=\"async\" class=\"size-medium wp-image-81215 alignleft\" src=\"http:\/\/infois.ro\/wp-content\/uploads\/2025\/05\/CET-Iasi-390x260.jpg\" alt=\"\" width=\"390\" height=\"260\" srcset=\"http:\/\/infois.ro\/wp-content\/uploads\/2025\/05\/CET-Iasi-390x260.jpg 390w, http:\/\/infois.ro\/wp-content\/uploads\/2025\/05\/CET-Iasi.jpg 640w\" sizes=\"(max-width: 390px) 100vw, 390px\" \/><\/p>\n<p style=\"text-align: justify;\">\u00cen vederea prevenirii apari\u021biei unor avarii care ar bloca sistemul de termoficare \u0219i pentru derularea \u00een condi\u021bii normale a sezonului de \u00eenc\u0103lzire 2025 &#8211; 2026, este strict necesar\u0103 oprirea furniz\u0103rii agentului termic \u00eencep\u00e2nd de luni, 25 august 2025, de la ora 0.00, p\u00e2n\u0103 vineri, 29 august 2025, la ora 22.00.<br \/>\n\u00centreruperea este motivat\u0103 de necesitatea realiz\u0103rii unor lucr\u0103ri de repara\u021bii pe circuitele de termoficare urban\u0103 \u00een vederea elimin\u0103rii punctelor slabe constatate care ar putea bloca sistemul de termoficare \u00een plin sezon de \u00eenc\u0103lzire, c\u00e2nd \u0219i repara\u021biile ar dura mai mult.<br \/>\n\u00cen sezonul de \u00eenc\u0103lzire trecut furnizarea de agent termic c\u0103tre to\u021bi clien\u021bii a \u00eenceput la mijlocul lunii octombrie 2024, s-a \u00eencheiat la mijlocul lunii aprilie 2025 \u0219i a func\u021bionat f\u0103r\u0103 sincope \u0219i f\u0103r\u0103 probleme semnificative.<br \/>\nLa sistemul de termoficare centralizat sunt bran\u015fate circa 21.000 de apartamente, 171 de agen\u0163i economici \u0219i 138 de institu\u0163ii publice, din care 81 institu\u021bii de \u00eenv\u0103\u021b\u0103m\u00e2nt cu 145 cl\u0103diri aferente \u0219i 10 spitale cu 27 de cl\u0103diri aferente!<\/p>\n","protected":false},"excerpt":{"rendered":"<p>\u00cen vederea prevenirii apari\u021biei unor avarii care ar bloca sistemul de termoficare \u0219i pentru derularea&#8230; <a class=\"meta-more\" href=\"http:\/\/infois.ro\/?p=81886\">more <span class=\"meta-nav\">&raquo;<\/span><\/a><\/p>\n","protected":false},"author":2,"featured_media":81215,"comment_status":"closed","ping_status":"closed","sticky":false,"template":"","format":"standard","meta":{"footnotes":""},"categories":[6,41],"tags":[74,40,8616,493,18216],"aioseo_notices":[],"_links":{"self":[{"href":"http:\/\/infois.ro\/index.php?rest_route=\/wp\/v2\/posts\/81886"}],"collection":[{"href":"http:\/\/infois.ro\/index.php?rest_route=\/wp\/v2\/posts"}],"about":[{"href":"http:\/\/infois.ro\/index.php?rest_route=\/wp\/v2\/types\/post"}],"author":[{"embeddable":true,"href":"http:\/\/infois.ro\/index.php?rest_route=\/wp\/v2\/users\/2"}],"replies":[{"embeddable":true,"href":"http:\/\/infois.ro\/index.php?rest_route=%2Fwp%2Fv2%2Fcomments&post=81886"}],"version-history":[{"count":1,"href":"http:\/\/infois.ro\/index.php?rest_route=\/wp\/v2\/posts\/81886\/revisions"}],"predecessor-version":[{"id":81887,"href":"http:\/\/infois.ro\/index.php?rest_route=\/wp\/v2\/posts\/81886\/revisions\/81887"}],"wp:featuredmedia":[{"embeddable":true,"href":"http:\/\/infois.ro\/index.php?rest_route=\/wp\/v2\/media\/81215"}],"wp:attachment":[{"href":"http:\/\/infois.ro\/index.php?rest_route=%2Fwp%2Fv2%2Fmedia&parent=81886"}],"wp:term":[{"taxonomy":"category","embeddable":true,"href":"http:\/\/infois.ro\/index.php?rest_route=%2Fwp%2Fv2%2Fcategories&post=81886"},{"taxonomy":"post_tag","embeddable":true,"href":"http:\/\/infois.ro\/index.php?rest_route=%2Fwp%2Fv2%2Ftags&post=81886"}],"curies":[{"name":"wp","href":"https:\/\/api.w.org\/{rel}","templated":true}]}}