{"id":81962,"date":"2025-09-05T20:29:05","date_gmt":"2025-09-05T17:29:05","guid":{"rendered":"https:\/\/infois.ro\/?p=81962"},"modified":"2025-09-05T19:33:26","modified_gmt":"2025-09-05T16:33:26","slug":"expozitia-educativa-giant-bugs-aduce-la-palas-o-lume-nevazuta-marita-de-mii-de-ori","status":"publish","type":"post","link":"http:\/\/infois.ro\/?p=81962","title":{"rendered":"Expozi\u021bia educativ\u0103 \u201eGiant Bugs\u201d aduce la Palas o lume nev\u0103zut\u0103, m\u0103rit\u0103 de mii de ori"},"content":{"rendered":"<p><img loading=\"lazy\" decoding=\"async\" class=\"size-medium wp-image-81963 alignleft\" src=\"http:\/\/infois.ro\/wp-content\/uploads\/2025\/09\/01-1-390x219.jpg\" alt=\"\" width=\"390\" height=\"219\" srcset=\"http:\/\/infois.ro\/wp-content\/uploads\/2025\/09\/01-1-390x219.jpg 390w, http:\/\/infois.ro\/wp-content\/uploads\/2025\/09\/01-1-1024x576.jpg 1024w, http:\/\/infois.ro\/wp-content\/uploads\/2025\/09\/01-1-768x432.jpg 768w, http:\/\/infois.ro\/wp-content\/uploads\/2025\/09\/01-1-1536x864.jpg 1536w, http:\/\/infois.ro\/wp-content\/uploads\/2025\/09\/01-1-140x80.jpg 140w, http:\/\/infois.ro\/wp-content\/uploads\/2025\/09\/01-1.jpg 1920w\" sizes=\"(max-width: 390px) 100vw, 390px\" \/><\/p>\n<p style=\"text-align: justify;\"><strong><em>O buburuz\u0103, un greiere \u0219i un fluture, fiecare m\u0103sur\u00e2nd aproximativ doi metri \u0219i jum\u0103tate, al\u0103turi de alte insecte gigantice \u00eei a\u0219teapt\u0103 pe curio\u0219i la Palas. Expozi\u021bia educativ\u0103 \u201eGiant Bugs\u201d vine \u00een premier\u0103 la Ia\u0219i cu 24 de exponate animatronice, de dimensiuni impresionante, ce pot fi admirate p\u00e2n\u0103 pe data de 21 septembrie 2025, \u00een gr\u0103dina Palas.<\/em><\/strong><\/p>\n<p style=\"text-align: justify;\"><strong>\u00a0<\/strong><\/p>\n<p style=\"text-align: justify;\">Dac\u0103 vrei s\u0103 afli mai multe curiozit\u0103\u021bi din lumea insectelor \u0219i s\u0103 vezi detalii pe care nu le po\u021bi observa cu ochiul liber, vino la <strong>expozi\u021bia \u201eGiant Bugs\u201d<\/strong> din gr\u0103dina Palas!<\/p>\n<p style=\"text-align: justify;\"><img loading=\"lazy\" decoding=\"async\" class=\"size-medium wp-image-81964 alignright\" src=\"http:\/\/infois.ro\/wp-content\/uploads\/2025\/09\/02-1-390x260.jpg\" alt=\"\" width=\"390\" height=\"260\" srcset=\"http:\/\/infois.ro\/wp-content\/uploads\/2025\/09\/02-1-390x260.jpg 390w, http:\/\/infois.ro\/wp-content\/uploads\/2025\/09\/02-1-1024x683.jpg 1024w, http:\/\/infois.ro\/wp-content\/uploads\/2025\/09\/02-1-768x512.jpg 768w, http:\/\/infois.ro\/wp-content\/uploads\/2025\/09\/02-1.jpg 1200w\" sizes=\"(max-width: 390px) 100vw, 390px\" \/><\/p>\n<p style=\"text-align: justify;\">Vizitatorii sunt invita\u021bi \u00eentr-o c\u0103l\u0103torie fascinant\u0103 \u00een lumea insectelor, unde vor descoperi <strong>24 de exponate \u2212 insecte gigantice din \u00eentreaga lume<\/strong>. Printre cele mai spectaculoase, se num\u0103r\u0103 o molie de peste trei metri \u0219i jum\u0103tate, care pare c\u0103 \u00ee\u0219i ia zborul, o buburuz\u0103 gigant, extrem de activ\u0103, o tarantul\u0103 de trei metri preg\u0103tit\u0103 s\u0103 \u00ee\u0219i \u021beas\u0103 p\u00e2nza, un greiere care ne aminte\u0219te de prim\u0103var\u0103 prin c\u00e2ntecul s\u0103u, dar \u0219i multe alte nevertebrate impresionante.<\/p>\n<p style=\"text-align: justify;\"><img loading=\"lazy\" decoding=\"async\" class=\"size-medium wp-image-81965 alignleft\" src=\"http:\/\/infois.ro\/wp-content\/uploads\/2025\/09\/03-1-390x260.jpg\" alt=\"\" width=\"390\" height=\"260\" srcset=\"http:\/\/infois.ro\/wp-content\/uploads\/2025\/09\/03-1-390x260.jpg 390w, http:\/\/infois.ro\/wp-content\/uploads\/2025\/09\/03-1-1024x683.jpg 1024w, http:\/\/infois.ro\/wp-content\/uploads\/2025\/09\/03-1-768x512.jpg 768w, http:\/\/infois.ro\/wp-content\/uploads\/2025\/09\/03-1.jpg 1200w\" sizes=\"(max-width: 390px) 100vw, 390px\" \/><\/p>\n<p style=\"text-align: justify;\">Pentru o experien\u021b\u0103 educativ\u0103 de neuitat, habitatele naturale ale insectelor vor fi recreate \u00een jurul exponatelor, oferind vizitatorilor o perspectiv\u0103 detaliat\u0103 asupra modului de via\u021b\u0103 al acestora.<\/p>\n<p style=\"text-align: justify;\">Expozi\u021bia poate fi vizitat\u0103 zilnic, iar <strong>intrarea este gratuit\u0103.<\/strong><\/p>\n<p><img loading=\"lazy\" decoding=\"async\" class=\"alignnone size-medium wp-image-81969\" src=\"http:\/\/infois.ro\/wp-content\/uploads\/2025\/09\/07-390x260.jpg\" alt=\"\" width=\"390\" height=\"260\" srcset=\"http:\/\/infois.ro\/wp-content\/uploads\/2025\/09\/07-390x260.jpg 390w, http:\/\/infois.ro\/wp-content\/uploads\/2025\/09\/07-1024x683.jpg 1024w, http:\/\/infois.ro\/wp-content\/uploads\/2025\/09\/07-768x512.jpg 768w, http:\/\/infois.ro\/wp-content\/uploads\/2025\/09\/07.jpg 1200w\" sizes=\"(max-width: 390px) 100vw, 390px\" \/><\/p>\n<p><img loading=\"lazy\" decoding=\"async\" class=\"alignnone size-medium wp-image-81968\" src=\"http:\/\/infois.ro\/wp-content\/uploads\/2025\/09\/06-390x260.jpg\" alt=\"\" width=\"390\" height=\"260\" srcset=\"http:\/\/infois.ro\/wp-content\/uploads\/2025\/09\/06-390x260.jpg 390w, http:\/\/infois.ro\/wp-content\/uploads\/2025\/09\/06-1024x683.jpg 1024w, http:\/\/infois.ro\/wp-content\/uploads\/2025\/09\/06-768x512.jpg 768w, http:\/\/infois.ro\/wp-content\/uploads\/2025\/09\/06.jpg 1200w\" sizes=\"(max-width: 390px) 100vw, 390px\" \/><\/p>\n<p><img loading=\"lazy\" decoding=\"async\" class=\"alignnone size-medium wp-image-81967\" src=\"http:\/\/infois.ro\/wp-content\/uploads\/2025\/09\/05-390x260.jpg\" alt=\"\" width=\"390\" height=\"260\" srcset=\"http:\/\/infois.ro\/wp-content\/uploads\/2025\/09\/05-390x260.jpg 390w, http:\/\/infois.ro\/wp-content\/uploads\/2025\/09\/05-1024x683.jpg 1024w, http:\/\/infois.ro\/wp-content\/uploads\/2025\/09\/05-768x512.jpg 768w, http:\/\/infois.ro\/wp-content\/uploads\/2025\/09\/05.jpg 1200w\" sizes=\"(max-width: 390px) 100vw, 390px\" \/><\/p>\n<p><img loading=\"lazy\" decoding=\"async\" class=\"alignnone size-medium wp-image-81966\" src=\"http:\/\/infois.ro\/wp-content\/uploads\/2025\/09\/04-390x260.jpg\" alt=\"\" width=\"390\" height=\"260\" srcset=\"http:\/\/infois.ro\/wp-content\/uploads\/2025\/09\/04-390x260.jpg 390w, http:\/\/infois.ro\/wp-content\/uploads\/2025\/09\/04-1024x683.jpg 1024w, http:\/\/infois.ro\/wp-content\/uploads\/2025\/09\/04-768x512.jpg 768w, http:\/\/infois.ro\/wp-content\/uploads\/2025\/09\/04.jpg 1200w\" sizes=\"(max-width: 390px) 100vw, 390px\" \/><\/p>\n","protected":false},"excerpt":{"rendered":"<p>O buburuz\u0103, un greiere \u0219i un fluture, fiecare m\u0103sur\u00e2nd aproximativ doi metri \u0219i jum\u0103tate, al\u0103turi&#8230; <a class=\"meta-more\" href=\"http:\/\/infois.ro\/?p=81962\">more <span class=\"meta-nav\">&raquo;<\/span><\/a><\/p>\n","protected":false},"author":2,"featured_media":81963,"comment_status":"closed","ping_status":"closed","sticky":false,"template":"","format":"standard","meta":{"footnotes":""},"categories":[41,60],"tags":[74,18232,40,18231,100],"aioseo_notices":[],"_links":{"self":[{"href":"http:\/\/infois.ro\/index.php?rest_route=\/wp\/v2\/posts\/81962"}],"collection":[{"href":"http:\/\/infois.ro\/index.php?rest_route=\/wp\/v2\/posts"}],"about":[{"href":"http:\/\/infois.ro\/index.php?rest_route=\/wp\/v2\/types\/post"}],"author":[{"embeddable":true,"href":"http:\/\/infois.ro\/index.php?rest_route=\/wp\/v2\/users\/2"}],"replies":[{"embeddable":true,"href":"http:\/\/infois.ro\/index.php?rest_route=%2Fwp%2Fv2%2Fcomments&post=81962"}],"version-history":[{"count":2,"href":"http:\/\/infois.ro\/index.php?rest_route=\/wp\/v2\/posts\/81962\/revisions"}],"predecessor-version":[{"id":81971,"href":"http:\/\/infois.ro\/index.php?rest_route=\/wp\/v2\/posts\/81962\/revisions\/81971"}],"wp:featuredmedia":[{"embeddable":true,"href":"http:\/\/infois.ro\/index.php?rest_route=\/wp\/v2\/media\/81963"}],"wp:attachment":[{"href":"http:\/\/infois.ro\/index.php?rest_route=%2Fwp%2Fv2%2Fmedia&parent=81962"}],"wp:term":[{"taxonomy":"category","embeddable":true,"href":"http:\/\/infois.ro\/index.php?rest_route=%2Fwp%2Fv2%2Fcategories&post=81962"},{"taxonomy":"post_tag","embeddable":true,"href":"http:\/\/infois.ro\/index.php?rest_route=%2Fwp%2Fv2%2Ftags&post=81962"}],"curies":[{"name":"wp","href":"https:\/\/api.w.org\/{rel}","templated":true}]}}