{"id":82125,"date":"2025-10-01T18:50:50","date_gmt":"2025-10-01T15:50:50","guid":{"rendered":"https:\/\/infois.ro\/?p=82125"},"modified":"2025-10-01T18:50:50","modified_gmt":"2025-10-01T15:50:50","slug":"spectacol-vizual-inedit-in-gradina-palas-21-de-instalatii-realizate-din-mii-de-flori-naturale-in-cadrul-evenimentului-florall-festivalul-artei-florale","status":"publish","type":"post","link":"http:\/\/infois.ro\/?p=82125","title":{"rendered":"Spectacol vizual inedit \u00een gr\u0103dina Palas: 21 de instala\u021bii realizate din mii de flori naturale, \u00een cadrul evenimentului \u201eFlorall \u2013 Festivalul Artei Florale\u201d"},"content":{"rendered":"<p><img loading=\"lazy\" decoding=\"async\" class=\"size-medium wp-image-82126 alignleft\" src=\"http:\/\/infois.ro\/wp-content\/uploads\/2025\/10\/01-Florall-Iulius-Town-Timisoara-390x260.jpg\" alt=\"\" width=\"390\" height=\"260\" srcset=\"http:\/\/infois.ro\/wp-content\/uploads\/2025\/10\/01-Florall-Iulius-Town-Timisoara-390x260.jpg 390w, http:\/\/infois.ro\/wp-content\/uploads\/2025\/10\/01-Florall-Iulius-Town-Timisoara.jpg 640w\" sizes=\"(max-width: 390px) 100vw, 390px\" \/><\/p>\n<p class=\"yiv1321273986MsoNormal\" style=\"text-align: justify;\"><b><i><span lang=\"RO\">\u00cen acest weeekend, cel mai mare festival floral din \u021bar\u0103 ajunge \u00een \u201eOra\u0219ul iubirii\u201d, iar gr\u0103dina Palas se transform\u0103 \u00eentr-un adev\u0103rat poem vizual odat\u0103 cu \u201eFlorall \u2013 Festivalul Artei Florale\u201d. Natura, poezia, literatura \u0219i iubirile ie\u0219ene sunt celebrate prin intermediul celor 21 de instala\u021bii florale, crea\u021bii ale arti\u0219tilor care s-au inspirat din lirica eminescian\u0103 \u0219i din farmecul ora\u0219ului. Programul festivalului este completat de\u00a0 momente artistice, de ateliere de crea\u021bie floral\u0103, t\u00e2rg de flori \u0219i workshopuri.<\/span><\/i><\/b><\/p>\n<p class=\"yiv1321273986MsoNormal\" style=\"text-align: justify;\"><b><i><span lang=\"RO\"> <img loading=\"lazy\" decoding=\"async\" class=\"size-medium wp-image-82127 alignright\" src=\"http:\/\/infois.ro\/wp-content\/uploads\/2025\/10\/02-Florall-Iulius-Town-Timisoara-390x260.jpg\" alt=\"\" width=\"390\" height=\"260\" srcset=\"http:\/\/infois.ro\/wp-content\/uploads\/2025\/10\/02-Florall-Iulius-Town-Timisoara-390x260.jpg 390w, http:\/\/infois.ro\/wp-content\/uploads\/2025\/10\/02-Florall-Iulius-Town-Timisoara.jpg 640w\" sizes=\"(max-width: 390px) 100vw, 390px\" \/><\/span><\/i><\/b><\/p>\n<p class=\"yiv1321273986MsoNormal\" style=\"text-align: justify;\"><span lang=\"RO\">\u00cen\u00a0<b>perioada 3-5 octombrie 2025, \u201eFlorall \u2013 Festivalul Artei Florale\u201d transform\u0103 gr\u0103dina Palas \u00eentr-un spectacol colorat care fascineaz\u0103 prin creativitate \u0219i emo\u021bie vizual\u0103<\/b>. Timp de trei zile, publicul este a\u0219teptat s\u0103 descopere viziunea artistic\u0103 a creatorilor florali transpus\u0103 \u00een 21 de instala\u021bii florale.<\/span><\/p>\n<p class=\"yiv1321273986MsoNormal\" style=\"text-align: justify;\"><span lang=\"RO\"> <img loading=\"lazy\" decoding=\"async\" class=\"size-medium wp-image-82128 alignleft\" src=\"http:\/\/infois.ro\/wp-content\/uploads\/2025\/10\/03-Florall-Iulius-Town-Timisoara-390x260.jpg\" alt=\"\" width=\"390\" height=\"260\" srcset=\"http:\/\/infois.ro\/wp-content\/uploads\/2025\/10\/03-Florall-Iulius-Town-Timisoara-390x260.jpg 390w, http:\/\/infois.ro\/wp-content\/uploads\/2025\/10\/03-Florall-Iulius-Town-Timisoara.jpg 640w\" sizes=\"(max-width: 390px) 100vw, 390px\" \/><\/span><\/p>\n<p class=\"yiv1321273986MsoNormal\" style=\"text-align: justify;\"><b><span lang=\"RO\">Conceptul acestei edi\u021bii este \u201eIa\u0219i, ora\u0219ul iubirii\u201d<\/span><\/b><span lang=\"RO\">, astfel c\u0103 vei putea vedea pe lacul din gr\u0103dina Palas \u201eBarca Florilor\u201d, o instala\u021bie plutitoare, muze florale ale iubirii cu rochii spectaculoase, dar \u0219i instala\u021bia \u201eFlori \u0219i Muzic\u0103\u201d, dedicat\u0103 compozitorului George Enescu. \u201eThe Blooming Heart\u201d, \u201ePlopii f\u0103r\u0103 so\u021b\u201d, \u201ePoarta inimii\u201d, \u201e\u00cembr\u0103\u021bi\u0219area teiului\u201d, care dau o not\u0103 romantic\u0103 gr\u0103dinii Palas, dar \u0219i pianul cu flori din Atrium sunt alte alte crea\u021bii vizuale inedite pe care le po\u021bi descoperi la festivalul Florall.<\/span><\/p>\n<p class=\"yiv1321273986MsoNormal\" style=\"text-align: justify;\"><span lang=\"RO\"> <img loading=\"lazy\" decoding=\"async\" class=\"size-medium wp-image-82129 alignright\" src=\"http:\/\/infois.ro\/wp-content\/uploads\/2025\/10\/04-Florall-Iulius-Town-Timisoara-260x390.jpg\" alt=\"\" width=\"260\" height=\"390\" srcset=\"http:\/\/infois.ro\/wp-content\/uploads\/2025\/10\/04-Florall-Iulius-Town-Timisoara-260x390.jpg 260w, http:\/\/infois.ro\/wp-content\/uploads\/2025\/10\/04-Florall-Iulius-Town-Timisoara.jpg 640w\" sizes=\"(max-width: 260px) 100vw, 260px\" \/><\/span><\/p>\n<p class=\"yiv1321273986MsoNormal\" style=\"text-align: justify;\"><span lang=\"RO\">Pentru cei care doresc s\u0103 \u00eenve\u021be arta \u00eempletirii florilor, festivalul include \u0219i\u00a0<b>ateliere creative<\/b>, unde participan\u021bii, adul\u021bi \u0219i copii, pot realiza coroni\u021be \u0219i co\u0219ule\u021be.\u00a0<b>S\u00e2mb\u0103t\u0103 \u0219i duminic\u0103, sesiunile creative vor avea loc \u00een intervalul orar 10.00 \u2013 18.00.<\/b><\/span><\/p>\n<p class=\"yiv1321273986MsoNormal\" style=\"text-align: justify;\"><span lang=\"RO\">\u00a0<\/span><\/p>\n<p class=\"yiv1321273986MsoNormal\" style=\"text-align: justify;\"><span lang=\"RO\">Pe scena amplasat\u0103 \u00een gr\u0103dina Palas te vei putea bucura de mai\u00a0<b>multe momente muzicale sus\u021binute de tineri arti\u0219ti, dar \u0219i de spectacole de teatru<\/b>. Vineri, de la ora 17.00, compania Circo Portante din Italia va sus\u021bine reprezenta\u021bia\u00a0 \u201eTotul \u00eentr-o valiz\u0103\u201d, iar duminic\u0103, de la 11.00, Teatro Blu prezint\u0103 publicului piesa \u201eFantastoria\u201d.\u00a0<b>Intrarea este liber\u0103, iar programul complet al festivalului, dar \u0219i alte detalii sunt disponibile pe<\/b>\u00a0<a href=\"http:\/\/www.palasmall.ro\/eveniment\/florall-iasi-orasul-iubirii_1321\" target=\"_blank\" rel=\"nofollow noopener noreferrer\">site-ul Palas Ia\u0219i<\/a>.<\/span><\/p>\n<p class=\"yiv1321273986MsoNormal\" style=\"text-align: justify;\"><span lang=\"RO\"> <img loading=\"lazy\" decoding=\"async\" class=\"size-medium wp-image-82130 alignleft\" src=\"http:\/\/infois.ro\/wp-content\/uploads\/2025\/10\/05-Florall-Iulius-Town-Timisoara-260x390.jpg\" alt=\"\" width=\"260\" height=\"390\" srcset=\"http:\/\/infois.ro\/wp-content\/uploads\/2025\/10\/05-Florall-Iulius-Town-Timisoara-260x390.jpg 260w, http:\/\/infois.ro\/wp-content\/uploads\/2025\/10\/05-Florall-Iulius-Town-Timisoara.jpg 640w\" sizes=\"(max-width: 260px) 100vw, 260px\" \/><\/span><\/p>\n<p class=\"yiv1321273986MsoNormal\" style=\"text-align: justify;\"><span lang=\"RO\">Edi\u021bia de la Palas este cea de-a patra, precedentele edi\u021bii av\u00e2nd loc la Iulius Town Timi\u0219oara.<\/span><\/p>\n<p><img loading=\"lazy\" decoding=\"async\" class=\"size-medium wp-image-82131 alignright\" src=\"http:\/\/infois.ro\/wp-content\/uploads\/2025\/10\/06-Florall-Iulius-Town-Timisoara-390x260.jpg\" alt=\"\" width=\"390\" height=\"260\" srcset=\"http:\/\/infois.ro\/wp-content\/uploads\/2025\/10\/06-Florall-Iulius-Town-Timisoara-390x260.jpg 390w, http:\/\/infois.ro\/wp-content\/uploads\/2025\/10\/06-Florall-Iulius-Town-Timisoara.jpg 640w\" sizes=\"(max-width: 390px) 100vw, 390px\" \/><\/p>\n<p class=\"yiv1321273986MsoNormal\" style=\"text-align: justify;\"><span lang=\"RO\">\u00a0<\/span><\/p>\n","protected":false},"excerpt":{"rendered":"<p>\u00cen acest weeekend, cel mai mare festival floral din \u021bar\u0103 ajunge \u00een \u201eOra\u0219ul iubirii\u201d, iar&#8230; <a class=\"meta-more\" href=\"http:\/\/infois.ro\/?p=82125\">more <span class=\"meta-nav\">&raquo;<\/span><\/a><\/p>\n","protected":false},"author":2,"featured_media":82126,"comment_status":"closed","ping_status":"closed","sticky":false,"template":"","format":"standard","meta":{"footnotes":""},"categories":[41,60],"tags":[74,18261,40,100],"aioseo_notices":[],"_links":{"self":[{"href":"http:\/\/infois.ro\/index.php?rest_route=\/wp\/v2\/posts\/82125"}],"collection":[{"href":"http:\/\/infois.ro\/index.php?rest_route=\/wp\/v2\/posts"}],"about":[{"href":"http:\/\/infois.ro\/index.php?rest_route=\/wp\/v2\/types\/post"}],"author":[{"embeddable":true,"href":"http:\/\/infois.ro\/index.php?rest_route=\/wp\/v2\/users\/2"}],"replies":[{"embeddable":true,"href":"http:\/\/infois.ro\/index.php?rest_route=%2Fwp%2Fv2%2Fcomments&post=82125"}],"version-history":[{"count":1,"href":"http:\/\/infois.ro\/index.php?rest_route=\/wp\/v2\/posts\/82125\/revisions"}],"predecessor-version":[{"id":82132,"href":"http:\/\/infois.ro\/index.php?rest_route=\/wp\/v2\/posts\/82125\/revisions\/82132"}],"wp:featuredmedia":[{"embeddable":true,"href":"http:\/\/infois.ro\/index.php?rest_route=\/wp\/v2\/media\/82126"}],"wp:attachment":[{"href":"http:\/\/infois.ro\/index.php?rest_route=%2Fwp%2Fv2%2Fmedia&parent=82125"}],"wp:term":[{"taxonomy":"category","embeddable":true,"href":"http:\/\/infois.ro\/index.php?rest_route=%2Fwp%2Fv2%2Fcategories&post=82125"},{"taxonomy":"post_tag","embeddable":true,"href":"http:\/\/infois.ro\/index.php?rest_route=%2Fwp%2Fv2%2Ftags&post=82125"}],"curies":[{"name":"wp","href":"https:\/\/api.w.org\/{rel}","templated":true}]}}