{"id":82158,"date":"2025-10-07T18:43:28","date_gmt":"2025-10-07T15:43:28","guid":{"rendered":"http:\/\/infois.ro\/?p=82158"},"modified":"2025-10-08T08:50:33","modified_gmt":"2025-10-08T05:50:33","slug":"allmountain-unicul-distribuitor-al-brandurilor-the-north-face-si-patagonia-s-a-deschis-in-palas-vino-sa-te-bucuri-de-reducerile-inaugurale-de-pana-la-20","status":"publish","type":"post","link":"http:\/\/infois.ro\/?p=82158","title":{"rendered":"AllMountain, unicul distribuitor al brandurilor The North Face \u0219i Patagonia, s-a deschis \u00een Palas. Vino s\u0103 te bucuri de reducerile inaugurale de p\u00e2n\u0103 la 20%!"},"content":{"rendered":"<p><img loading=\"lazy\" decoding=\"async\" class=\"size-medium wp-image-82159 alignleft\" src=\"http:\/\/infois.ro\/wp-content\/uploads\/2025\/10\/palas1-390x293.jpg\" alt=\"\" width=\"390\" height=\"293\" srcset=\"http:\/\/infois.ro\/wp-content\/uploads\/2025\/10\/palas1-390x293.jpg 390w, http:\/\/infois.ro\/wp-content\/uploads\/2025\/10\/palas1.jpg 640w\" sizes=\"(max-width: 390px) 100vw, 390px\" \/><\/p>\n<p style=\"text-align: justify;\"><strong><em>Prima loca\u021bie AllMountain din regiunea Moldovei s-a deschis pe 6 octombrie 2025, \u00een Palas, \u0219i \u00eei a\u0219teapt\u0103 pe to\u021bi iubitorii de natur\u0103 s\u0103 descopere colec\u021biile de \u00eembr\u0103c\u0103minte. P\u00e2n\u0103 duminic\u0103, 12 octombrie, clien\u021bii beneficiaz\u0103 de 20% reducere la o selec\u021bie de produse. AllMountain este unicul importator \u0219i distribuitor oficial \u00een Rom\u00e2nia al unor brandurilor de prestigiu The North Face, Patagonia, Atomic, Olang, Altra, Smartwool \u0219i Scott.<\/em><\/strong><\/p>\n<p style=\"text-align: justify;\"><strong><em> <img loading=\"lazy\" decoding=\"async\" class=\"size-medium wp-image-82160 alignright\" src=\"http:\/\/infois.ro\/wp-content\/uploads\/2025\/10\/palas2-1-390x293.jpg\" alt=\"\" width=\"390\" height=\"293\" srcset=\"http:\/\/infois.ro\/wp-content\/uploads\/2025\/10\/palas2-1-390x293.jpg 390w, http:\/\/infois.ro\/wp-content\/uploads\/2025\/10\/palas2-1.jpg 640w\" sizes=\"(max-width: 390px) 100vw, 390px\" \/><\/em><\/strong><\/p>\n<p style=\"text-align: justify;\">Palas continu\u0103 s\u0103 \u00ee\u0219i consolideze mixul de retaileri, ad\u0103ug\u00e2nd noi branduri \u00een premier\u0103 regional\u0103. <strong>\u00cencep\u00e2nd cu data de 6 octombrie<\/strong>, ie\u0219enii pasiona\u021bi de drume\u021bii au mai aproape o selec\u021bie variat\u0103 de echipamente specializate pentru orice tip de activitate \u00een aer liber. Magazinul <strong>AllMountain<\/strong> este dedicat celor pasiona\u021bi de drume\u021biile montane \u0219i ofer\u0103 o gam\u0103 ampl\u0103 de articole sportive profesionale pentru activit\u0103\u021bi outdoor de la branduri de top: <strong>The North Face, Patagonia, Atomic, Olang, Altra, Smartwool <\/strong>\u0219i <strong>Scott<\/strong>.<\/p>\n<p style=\"text-align: justify;\"><img loading=\"lazy\" decoding=\"async\" class=\"size-medium wp-image-82161 alignleft\" src=\"http:\/\/infois.ro\/wp-content\/uploads\/2025\/10\/palas3-1-390x293.jpg\" alt=\"\" width=\"390\" height=\"293\" srcset=\"http:\/\/infois.ro\/wp-content\/uploads\/2025\/10\/palas3-1-390x293.jpg 390w, http:\/\/infois.ro\/wp-content\/uploads\/2025\/10\/palas3-1.jpg 640w\" sizes=\"(max-width: 390px) 100vw, 390px\" \/><\/p>\n<p style=\"text-align: justify;\">P\u00e2n\u0103 <strong>duminic\u0103<\/strong>, <strong>12 octombrie<\/strong>, to\u021bi clien\u021bii beneficiaz\u0103 de <strong>reduceri inaugurale de p\u00e2n\u0103 la 20%<\/strong> la articolele cu pre\u021b \u00eentreg. \u00cen re\u021beaua de centre comerciale dezvoltate de IULIUS, <strong>AllMountain<\/strong> mai este prezent cu <strong>o loca\u021bie \u00een Iulius Mall Cluj<\/strong>, iar \u00een Rom\u00e2nia mai de\u021bine magazine \u00een Bra\u0219ov \u0219i Bucure\u0219ti.<\/p>\n<p style=\"text-align: justify;\">\n<p style=\"text-align: justify;\">Vino \u00een noua loca\u021bie AllMountain din Palas \u0219i bucur\u0103-te de brandurile tale favorite!<\/p>\n<p><img loading=\"lazy\" decoding=\"async\" class=\"size-medium wp-image-82164 alignright\" src=\"http:\/\/infois.ro\/wp-content\/uploads\/2025\/10\/palas6-1-390x293.jpg\" alt=\"\" width=\"390\" height=\"293\" srcset=\"http:\/\/infois.ro\/wp-content\/uploads\/2025\/10\/palas6-1-390x293.jpg 390w, http:\/\/infois.ro\/wp-content\/uploads\/2025\/10\/palas6-1.jpg 640w\" sizes=\"(max-width: 390px) 100vw, 390px\" \/><\/p>\n<p><img loading=\"lazy\" decoding=\"async\" class=\"size-medium wp-image-82163 alignright\" src=\"http:\/\/infois.ro\/wp-content\/uploads\/2025\/10\/palas5-1-390x293.jpg\" alt=\"\" width=\"390\" height=\"293\" srcset=\"http:\/\/infois.ro\/wp-content\/uploads\/2025\/10\/palas5-1-390x293.jpg 390w, http:\/\/infois.ro\/wp-content\/uploads\/2025\/10\/palas5-1.jpg 640w\" sizes=\"(max-width: 390px) 100vw, 390px\" \/><\/p>\n<p><img loading=\"lazy\" decoding=\"async\" class=\"size-medium wp-image-82162 alignright\" src=\"http:\/\/infois.ro\/wp-content\/uploads\/2025\/10\/palas4-1-390x293.jpg\" alt=\"\" width=\"390\" height=\"293\" srcset=\"http:\/\/infois.ro\/wp-content\/uploads\/2025\/10\/palas4-1-390x293.jpg 390w, http:\/\/infois.ro\/wp-content\/uploads\/2025\/10\/palas4-1.jpg 640w\" sizes=\"(max-width: 390px) 100vw, 390px\" \/><\/p>\n","protected":false},"excerpt":{"rendered":"<p>Prima loca\u021bie AllMountain din regiunea Moldovei s-a deschis pe 6 octombrie 2025, \u00een Palas, \u0219i&#8230; <a class=\"meta-more\" href=\"http:\/\/infois.ro\/?p=82158\">more <span class=\"meta-nav\">&raquo;<\/span><\/a><\/p>\n","protected":false},"author":2,"featured_media":82159,"comment_status":"closed","ping_status":"closed","sticky":false,"template":"","format":"standard","meta":{"footnotes":""},"categories":[6,41],"tags":[74,18268,18271,18269,40,18270,100,18256,18273,18272,18255],"aioseo_notices":[],"_links":{"self":[{"href":"http:\/\/infois.ro\/index.php?rest_route=\/wp\/v2\/posts\/82158"}],"collection":[{"href":"http:\/\/infois.ro\/index.php?rest_route=\/wp\/v2\/posts"}],"about":[{"href":"http:\/\/infois.ro\/index.php?rest_route=\/wp\/v2\/types\/post"}],"author":[{"embeddable":true,"href":"http:\/\/infois.ro\/index.php?rest_route=\/wp\/v2\/users\/2"}],"replies":[{"embeddable":true,"href":"http:\/\/infois.ro\/index.php?rest_route=%2Fwp%2Fv2%2Fcomments&post=82158"}],"version-history":[{"count":1,"href":"http:\/\/infois.ro\/index.php?rest_route=\/wp\/v2\/posts\/82158\/revisions"}],"predecessor-version":[{"id":82165,"href":"http:\/\/infois.ro\/index.php?rest_route=\/wp\/v2\/posts\/82158\/revisions\/82165"}],"wp:featuredmedia":[{"embeddable":true,"href":"http:\/\/infois.ro\/index.php?rest_route=\/wp\/v2\/media\/82159"}],"wp:attachment":[{"href":"http:\/\/infois.ro\/index.php?rest_route=%2Fwp%2Fv2%2Fmedia&parent=82158"}],"wp:term":[{"taxonomy":"category","embeddable":true,"href":"http:\/\/infois.ro\/index.php?rest_route=%2Fwp%2Fv2%2Fcategories&post=82158"},{"taxonomy":"post_tag","embeddable":true,"href":"http:\/\/infois.ro\/index.php?rest_route=%2Fwp%2Fv2%2Ftags&post=82158"}],"curies":[{"name":"wp","href":"https:\/\/api.w.org\/{rel}","templated":true}]}}