{"id":82247,"date":"2025-10-17T10:53:54","date_gmt":"2025-10-17T07:53:54","guid":{"rendered":"https:\/\/infois.ro\/?p=82247"},"modified":"2025-10-17T10:53:54","modified_gmt":"2025-10-17T07:53:54","slug":"spectacol-de-lumina-si-energie-la-palas-targul-de-cariere-gusturile-toamnei-festivalul-light-up-si-concert-delia","status":"publish","type":"post","link":"http:\/\/infois.ro\/?p=82247","title":{"rendered":"Spectacol de lumin\u0103 \u0219i energie la Palas: T\u00e2rgul de Cariere, \u201eGusturile Toamnei\u201d, festivalul Light UP \u0219i concert Delia"},"content":{"rendered":"<p><img loading=\"lazy\" decoding=\"async\" class=\"size-medium wp-image-82248 alignleft\" src=\"http:\/\/infois.ro\/wp-content\/uploads\/2025\/10\/Palas-Iasi-1-390x293.jpg\" alt=\"\" width=\"390\" height=\"293\" srcset=\"http:\/\/infois.ro\/wp-content\/uploads\/2025\/10\/Palas-Iasi-1-390x293.jpg 390w, http:\/\/infois.ro\/wp-content\/uploads\/2025\/10\/Palas-Iasi-1.jpg 640w\" sizes=\"(max-width: 390px) 100vw, 390px\" \/><\/p>\n<p class=\"yiv1261604028MsoNormal\" style=\"text-align: justify;\"><b><i><span lang=\"RO\">Un weekend animat te a\u0219teapt\u0103 la Palas, unde vor avea loc evenimente dedicate \u00eentregii familii. De la proiec\u021bii spectaculoase p\u00e2n\u0103 la teatru de p\u0103pu\u0219i pentru cei mici, totul are loc \u00een inima ora\u0219ului, la Palas. \u00cen acela\u0219i timp, T\u00e2rgul de Cariere revine cu peste 1.000 de oportunit\u0103\u021bi de angajare, iar \u00een parc te a\u0219teapt\u0103 \u201eGusturile Toamnei\u201d, cu produse autentice de la antreprenori locali. Tot aici, al\u0103turi de reprezentan\u021bii Brig\u0103zii 15 Mecanizate \u201ePodu \u00cenalt\u201d, vom celebra Ziua Armatei Rom\u00e2ne, cu activit\u0103\u021bi \u0219i demonstra\u021bii speciale. S\u00e2mb\u0103t\u0103, weekendul va culmina cu festivalul interna\u021bional de videomapping Light UP \u0219i un concert live sus\u021binut de Delia.<\/span><\/i><\/b><\/p>\n<p class=\"yiv1261604028MsoNormal\" style=\"text-align: justify;\"><b><i><span lang=\"RO\">\u00a0<\/span><\/i><\/b><\/p>\n<p class=\"yiv1261604028MsoNormal\" style=\"text-align: justify;\"><span lang=\"RO\">T\u00e2rgul de Cariere se desf\u0103\u0219oar\u0103 \u00een Atriumul Palas \u0219i aduce o nou\u0103 edi\u021bie cu angajatori din domenii diverse, precum produc\u021bie, IT, BPO, retail, resurse umane, marketing \u0219i comunicare. Printre companiile participante se num\u0103r\u0103 \u0219i IULIUS, care prezint\u0103 oferta sa de locuri de munc\u0103 disponibile: economist \u2013 contabilitate, asistent rela\u021bii cu publicul, desenator tehnic, expert legisla\u021bia muncii, arhitect, operator introducere date, electrician, agent de securitate \u0219i multe altele. Evenimentul are loc \u00een perioada 17 \u2013 18 octombrie, iar vizitatorii sunt invita\u021bi s\u0103 descopere jobul potrivit pentru ei.<\/span><\/p>\n<p class=\"yiv1261604028MsoNormal\" style=\"text-align: justify;\"><span lang=\"RO\">\u00a0<\/span><\/p>\n<p class=\"yiv1261604028MsoNormal\" style=\"text-align: justify;\"><span lang=\"RO\">Parcul Palas devine epicentrul distrac\u021biei de weekend, g\u0103zduind t\u00e2rgul \u201eGusturile Toamnei\u201d, unde vizitatorii pot descoperi produse de sezon de la produc\u0103tori locali \u2013 de la zacusc\u0103 de cas\u0103 \u0219i br\u00e2nzeturi, p\u00e2n\u0103 la produse artizanale. \u00cen zona Amfiteatrului, Brigada 15 Mecanizat\u0103 \u201ePodu \u00cenalt\u201d marcheaz\u0103 Ziua Armatei Rom\u00e2ne, s\u0103rb\u0103torit\u0103 la nivel na\u021bional pe 25 octombrie. S\u00e2mb\u0103t\u0103, \u00eencep\u00e2nd cu ora 10.00, curio\u0219ii de toate v\u00e2rstele pot explora un mini-poligon, o expozi\u021bie de tehnic\u0103 militar\u0103, iar cei dornici de adrenalin\u0103 pot \u00eencerca tiroliana. Atmosfera va fi completat\u0103 de un concert sus\u021binut de fanfara militar\u0103.<\/span><\/p>\n<p class=\"yiv1261604028MsoNormal\" style=\"text-align: justify;\"><span lang=\"RO\">\u00a0<\/span><\/p>\n<p class=\"yiv1261604028MsoNormal\" style=\"text-align: justify;\"><span lang=\"RO\">Tot s\u00e2mb\u0103t\u0103, fa\u021bada sudic\u0103 a Palatului Culturii va prinde via\u021b\u0103 \u00eentr-un mod spectaculos. Festivalul interna\u021bional de videomapping Light UP aduce nou\u0103 proiec\u021bii impresionante realizate de arti\u0219ti din China, Italia, Polonia, Mexic, Germania, Venezuela, Ungaria, Ucraina \u0219i Rom\u00e2nia. Publicul joac\u0103 un rol esen\u021bial \u00een alegerea c\u00e2\u0219tig\u0103torilor, preferin\u021bele fiind exprimate printr-un sistem de vot prin SMS, care va conta \u00een propor\u021bie de 50% din punctajul final. Cei care voteaz\u0103 pot c\u00e2\u0219tiga premii, iar un norocos va c\u00e2\u0219tiga un iPhone 17 Pro. Dup\u0103 spectacolul de art\u0103 digital\u0103, seara va continua cu un concert sus\u021binut de Delia, iar prezentatorul evenimentului va fi Dan Fin\u021bescu.<\/span><\/p>\n<p class=\"yiv1261604028MsoNormal\" style=\"text-align: justify;\"><span lang=\"RO\">\u00a0<\/span><\/p>\n<p class=\"yiv1261604028MsoNormal\" style=\"text-align: justify;\"><span lang=\"RO\">Weekendul acesta, inima ora\u0219ului pulseaz\u0103 de energie \u0219i experien\u021be memorabile, la Palas!<\/span><\/p>\n<p class=\"yiv1261604028MsoNormal\" style=\"text-align: justify;\"><span lang=\"RO\">\u00a0<\/span><\/p>\n","protected":false},"excerpt":{"rendered":"<p>Un weekend animat te a\u0219teapt\u0103 la Palas, unde vor avea loc evenimente dedicate \u00eentregii familii&#8230;. <a class=\"meta-more\" href=\"http:\/\/infois.ro\/?p=82247\">more <span class=\"meta-nav\">&raquo;<\/span><\/a><\/p>\n","protected":false},"author":2,"featured_media":82248,"comment_status":"closed","ping_status":"closed","sticky":false,"template":"","format":"standard","meta":{"footnotes":""},"categories":[41,60],"tags":[74,18285,40,100,17890,3455],"aioseo_notices":[],"_links":{"self":[{"href":"http:\/\/infois.ro\/index.php?rest_route=\/wp\/v2\/posts\/82247"}],"collection":[{"href":"http:\/\/infois.ro\/index.php?rest_route=\/wp\/v2\/posts"}],"about":[{"href":"http:\/\/infois.ro\/index.php?rest_route=\/wp\/v2\/types\/post"}],"author":[{"embeddable":true,"href":"http:\/\/infois.ro\/index.php?rest_route=\/wp\/v2\/users\/2"}],"replies":[{"embeddable":true,"href":"http:\/\/infois.ro\/index.php?rest_route=%2Fwp%2Fv2%2Fcomments&post=82247"}],"version-history":[{"count":1,"href":"http:\/\/infois.ro\/index.php?rest_route=\/wp\/v2\/posts\/82247\/revisions"}],"predecessor-version":[{"id":82249,"href":"http:\/\/infois.ro\/index.php?rest_route=\/wp\/v2\/posts\/82247\/revisions\/82249"}],"wp:featuredmedia":[{"embeddable":true,"href":"http:\/\/infois.ro\/index.php?rest_route=\/wp\/v2\/media\/82248"}],"wp:attachment":[{"href":"http:\/\/infois.ro\/index.php?rest_route=%2Fwp%2Fv2%2Fmedia&parent=82247"}],"wp:term":[{"taxonomy":"category","embeddable":true,"href":"http:\/\/infois.ro\/index.php?rest_route=%2Fwp%2Fv2%2Fcategories&post=82247"},{"taxonomy":"post_tag","embeddable":true,"href":"http:\/\/infois.ro\/index.php?rest_route=%2Fwp%2Fv2%2Ftags&post=82247"}],"curies":[{"name":"wp","href":"https:\/\/api.w.org\/{rel}","templated":true}]}}