{"id":82449,"date":"2025-11-12T17:34:47","date_gmt":"2025-11-12T15:34:47","guid":{"rendered":"https:\/\/infois.ro\/?p=82449"},"modified":"2025-11-13T08:37:11","modified_gmt":"2025-11-13T06:37:11","slug":"sicriul-cu-osemintele-domnitorului-grigore-alexandru-ghica-a-fost-depus-la-palatul-culturii","status":"publish","type":"post","link":"http:\/\/infois.ro\/?p=82449","title":{"rendered":"Sicriul cu osemintele domnitorului Grigore Alexandru Ghica a fost depus la Palatul Culturii"},"content":{"rendered":"<p style=\"text-align: justify;\"><img loading=\"lazy\" decoding=\"async\" class=\"size-medium wp-image-82450 alignleft\" src=\"http:\/\/infois.ro\/wp-content\/uploads\/2025\/11\/ghica-390x260.jpg\" alt=\"\" width=\"390\" height=\"260\" srcset=\"http:\/\/infois.ro\/wp-content\/uploads\/2025\/11\/ghica-390x260.jpg 390w, http:\/\/infois.ro\/wp-content\/uploads\/2025\/11\/ghica.jpg 640w\" sizes=\"(max-width: 390px) 100vw, 390px\" \/><\/p>\n<p style=\"text-align: justify;\">Vineri, 7 noiembrie 2025, \u00een cimitirul din localitatea Le M\u00e9e-sur-Seine (Fran\u021ba), a avut loc ceremonia religioas\u0103 de deshumare a r\u0103m\u0103\u0219i\u021belor p\u0103m\u00e2nte\u0219ti ale domnitorului Grigore Alexandru Ghica (1807 \u2013 1857), ultimul conduc\u0103tor al Moldovei \u0219i unul dintre marii reformatori ai secolului al XIX-lea.<br \/>\nDuminic\u0103, 9 noiembrie, r\u0103m\u0103\u0219i\u021bele au fost depuse la Palatul Cotroceni, iar luni, 10 noiembrie, la Cote\u0219ti, la conacul familiei Ghica, apoi la Muzeul Vrancei din Foc\u0219ani, dup\u0103 un ceremonial militar \u0219i religios.<br \/>\nMiercuri, 12 noiembrie, cortegiul funerar a ajuns la Ia\u0219i. Ma\u0219ina funerar\u0103 a intrat \u00een Pia\u021ba Unirii, iar sicriul a fost transferat pe un dric tras de cai \u0219i purtat pe bulevardul \u0219i pietonalul \u0218tefan cel Mare, p\u00e2n\u0103 la Palatul Culturii, unde a fost depus cu onoruri.<br \/>\nPublicul este invitat s\u0103 \u00ee\u0219i prezinte omagiile la Palatul Culturii timp de 30 de zile, \u00eenainte de ceremonia de re\u00eenhumare care va avea loc la Biserica \u201eSf\u00e2ntul Nicolae Domnesc\u201d, acolo unde domnitorul a fost uns \u00een 1849.<br \/>\n\u201eGrigore Alexandru Ghica este una dintre cele mai luminoase personalit\u0103\u021bi din istoria Moldovei \u0219i a Rom\u00e2niei. [&#8230;] Repatrierea r\u0103m\u0103\u0219i\u021belor sale din Fran\u021ba \u0219i re\u00eenhumarea la Ia\u0219i reprezint\u0103 un gest de recuno\u0219tin\u021b\u0103 \u0219i respect pentru contribu\u021bia sa la identitatea \u0219i istoria Moldovei. Ia\u0219ul trebuie s\u0103 \u00ee\u0219i p\u0103streze memoria vie \u2014 s\u0103 nu uite propria istorie tocmai pentru a \u00een\u021belege vremurile de ast\u0103zi \u0219i a construi un viitor pe m\u0103sura valorilor sale tradi\u021bionale\u201d, a afirmat primarul Mihai Chirica.<br \/>\nDespre Domnitorul Grigore Alexandru Ghica (1807 \u2013 1857):<br \/>\nA condus Moldova \u00een perioadele 1849 \u2013 1853 \u0219i 1854 \u2013 1856, sub numele Grigore al V-lea Ghica.<br \/>\nA fost un mare reformator, ini\u021biind:<br \/>\n\u2022 abolirea cenzurii<br \/>\n\u2022 reforma \u00eenv\u0103\u021b\u0103m\u00e2ntului<br \/>\n\u2022 dezrobirea romilor<br \/>\n\u2022 fondarea Jandarmeriei (dup\u0103 model francez)<br \/>\n\u2022 modernizarea Pompierilor<br \/>\n\u2022 sc\u0103derea taxelor vamale<br \/>\n\u2022 construirea Schitului Prodromu de la Muntele Athos<br \/>\nA fost considerat \u201eun partizan \u00eenfocat al Unirii Principatelor\u201d.<br \/>\nCeremoniile oficiale au fost organizate de Familia Ghyka, \u00een parteneriat cu Jandarmeria Rom\u00e2n\u0103, Pre\u0219edin\u021bia Rom\u00e2niei, Prim\u0103ria Municipiului Ia\u0219i, Consiliul Jude\u021bean Vrancea, Prim\u0103ria Foc\u0219ani, Televiziunea Rom\u00e2n\u0103, TAROM \u0219i Ministerul Afacerilor Interne, cu sprijinul Ambasadei Rom\u00e2niei la Paris.<\/p>\n","protected":false},"excerpt":{"rendered":"<p>Vineri, 7 noiembrie 2025, \u00een cimitirul din localitatea Le M\u00e9e-sur-Seine (Fran\u021ba), a avut loc ceremonia&#8230; <a class=\"meta-more\" href=\"http:\/\/infois.ro\/?p=82449\">more <span class=\"meta-nav\">&raquo;<\/span><\/a><\/p>\n","protected":false},"author":2,"featured_media":82450,"comment_status":"closed","ping_status":"closed","sticky":false,"template":"","format":"standard","meta":{"footnotes":""},"categories":[1,41],"tags":[74,18324,40,18323,105],"aioseo_notices":[],"_links":{"self":[{"href":"http:\/\/infois.ro\/index.php?rest_route=\/wp\/v2\/posts\/82449"}],"collection":[{"href":"http:\/\/infois.ro\/index.php?rest_route=\/wp\/v2\/posts"}],"about":[{"href":"http:\/\/infois.ro\/index.php?rest_route=\/wp\/v2\/types\/post"}],"author":[{"embeddable":true,"href":"http:\/\/infois.ro\/index.php?rest_route=\/wp\/v2\/users\/2"}],"replies":[{"embeddable":true,"href":"http:\/\/infois.ro\/index.php?rest_route=%2Fwp%2Fv2%2Fcomments&post=82449"}],"version-history":[{"count":1,"href":"http:\/\/infois.ro\/index.php?rest_route=\/wp\/v2\/posts\/82449\/revisions"}],"predecessor-version":[{"id":82451,"href":"http:\/\/infois.ro\/index.php?rest_route=\/wp\/v2\/posts\/82449\/revisions\/82451"}],"wp:featuredmedia":[{"embeddable":true,"href":"http:\/\/infois.ro\/index.php?rest_route=\/wp\/v2\/media\/82450"}],"wp:attachment":[{"href":"http:\/\/infois.ro\/index.php?rest_route=%2Fwp%2Fv2%2Fmedia&parent=82449"}],"wp:term":[{"taxonomy":"category","embeddable":true,"href":"http:\/\/infois.ro\/index.php?rest_route=%2Fwp%2Fv2%2Fcategories&post=82449"},{"taxonomy":"post_tag","embeddable":true,"href":"http:\/\/infois.ro\/index.php?rest_route=%2Fwp%2Fv2%2Ftags&post=82449"}],"curies":[{"name":"wp","href":"https:\/\/api.w.org\/{rel}","templated":true}]}}