{"id":82737,"date":"2025-12-25T13:48:28","date_gmt":"2025-12-25T11:48:28","guid":{"rendered":"https:\/\/infois.ro\/?p=82737"},"modified":"2025-12-29T13:57:46","modified_gmt":"2025-12-29T11:57:46","slug":"academia-romana-a-acordat-12-premii-pentru-specialistii-ieseni-din-diverse-domenii","status":"publish","type":"post","link":"http:\/\/infois.ro\/?p=82737","title":{"rendered":"Academia Rom\u00e2n\u0103 a acordat 12 premii pentru speciali\u0219tii ie\u0219eni din diverse domenii"},"content":{"rendered":"<p><!--StartFragment --><\/p>\n<p><img loading=\"lazy\" decoding=\"async\" class=\"size-medium wp-image-82738 alignleft\" src=\"http:\/\/infois.ro\/wp-content\/uploads\/2025\/12\/premii-390x260.jpg\" alt=\"\" width=\"390\" height=\"260\" srcset=\"http:\/\/infois.ro\/wp-content\/uploads\/2025\/12\/premii-390x260.jpg 390w, http:\/\/infois.ro\/wp-content\/uploads\/2025\/12\/premii.jpg 640w\" sizes=\"(max-width: 390px) 100vw, 390px\" \/><\/p>\n<p class=\"pf0\" style=\"text-align: justify;\"><span class=\"cf2\">Bogata dimensiune cultural\u0103 \u0219i universitar\u0103 a Municipiului Ia\u0219i a fost recunoscut\u0103 \u0219i <\/span><span class=\"cf1\">\u00een acest an de c<\/span><span class=\"cf2\">\u0103tre cel mai <\/span><span class=\"cf1\">\u00eenalt for <\/span><span class=\"cf2\">\u0219tiin\u021bific al \u021b\u0103rii, Academia Rom<\/span><span class=\"cf1\">\u00e2n<\/span><span class=\"cf2\">\u0103, prin acordarea a nu mai pu\u021bin de 12 premii la opt sec\u021biuni, din cele 66 acordate <\/span><span class=\"cf1\">\u00een total, pentru crea<\/span><span class=\"cf2\">\u021bii \u0219tiin\u021bifice \u0219i artistice realizate <\/span><span class=\"cf1\">\u00een anul 2023 speciali<\/span><span class=\"cf2\">\u0219tilor ie\u0219eni din domenii precum medicin\u0103, sociologie, \u0219tiin\u021be tehnice, istorie, art\u0103, economie sau fizic\u0103. <\/span><span class=\"cf1\">\u00cen anul 2024 c\u00e2nd s-au acordat premiile pentru anul 2022, Ia<\/span><span class=\"cf2\">\u0219ul a primit \u0219apte astfel de distinc\u021bii. <\/span><\/p>\n<p class=\"pf0\" style=\"text-align: justify;\"><span class=\"cf3\">\u201e<\/span><span class=\"cf1\">Premiile Academiei Rom\u00e2ne se acord<\/span><span class=\"cf2\">\u0103 oamenilor de \u015ftiin\u0163\u0103 \u015fi litere, arti\u015ftilor rom<\/span><span class=\"cf1\">\u00e2ni, din <\/span><span class=\"cf2\">\u0163ar\u0103 sau din str\u0103in\u0103tate, pentru meritul de a fi contribuit, prin activitatea \u015fi opera lor, la dezvoltarea culturii \u015fi \u015ftiin\u0163ei rom<\/span><span class=\"cf1\">\u00e2ne<\/span><span class=\"cf2\">\u015fti.\u00a0<\/span><span class=\"cf1\">Prin urmare, performan<\/span><span class=\"cf2\">\u021ba reprezentan\u021bilor vie\u021bii academice ie\u0219ene de a-\u0219i adjudeca aceste <\/span><span class=\"cf1\">\u00eenalte distinc<\/span><span class=\"cf2\">\u021bii este una c<\/span><span class=\"cf1\">\u00e2t se poate de onorant<\/span><span class=\"cf2\">\u0103 pentru prestigiul ora\u0219ului nostru, iar acest merit trebuie subliniat \u0219i apreciat cum se cuvine de c\u0103tre <\/span><span class=\"cf1\">\u00eentreaga comunitate ie<\/span><span class=\"cf2\">\u0219ean\u0103.\u00a0<\/span><span class=\"cf1\">\u00cen acest context, Sala <\/span><span class=\"cf3\">\u201eVasile Pogor\u201d a Palatului Roznovanu a g<\/span><span class=\"cf2\">\u0103zduit mar\u021bi, 23 decembrie 2025, o <\/span><span class=\"cf1\">\u00eent\u00e2lnire cu laurea<\/span><span class=\"cf2\">\u021bii Premiilor Academiei Rom<\/span><span class=\"cf1\">\u00e2ne, un prilej prin care Prim<\/span><span class=\"cf2\">\u0103ria Municipiului Ia\u0219i \u0219i eu, ca primar, ne-am manifestat gratitudinea \u0219i deplinul respect fa\u021b\u0103 de personalit\u0103\u021bile care confer\u0103 excelen\u021b\u0103 vie\u021bii academice ie\u0219ene\u201d, a transmis primarul Mihai Chirica.<\/span><\/p>\n<p class=\"pf0\" style=\"text-align: justify;\"><strong><span class=\"cf1\">PREMII PENTRU ANUL 2023<\/span><\/strong><\/p>\n<p class=\"pf0\" style=\"text-align: justify;\"><em><strong><span class=\"cf2\">\u0218TIIN\u021aE ISTORICE \u0218I ARHEOLOGIE<\/span><\/strong><\/em><\/p>\n<p class=\"pf0\" style=\"text-align: justify;\"><span class=\"cf1\">Premiul <\/span><span class=\"cf3\">\u201eVasile P<\/span><span class=\"cf1\">\u00e2rvan\u201d pentru lucrarea <\/span><span class=\"cf3\">\u201eSf<\/span><span class=\"cf1\">\u00e2r<\/span><span class=\"cf2\">\u0219itul Epocii bronzului <\/span><span class=\"cf1\">\u00een Bazinul Jijiei. Dinamica habitatului <\/span><span class=\"cf2\">\u0219i materialitatea Culturii Noua\u201d, autor Casandra-Mihaela Bra\u0219oveanu (Universitatea <\/span><span class=\"cf3\">\u201eAlexandru Ioan Cuza\u201d)<\/span><\/p>\n<p class=\"pf0\" style=\"text-align: justify;\"><span class=\"cf1\">Premiul <\/span><span class=\"cf3\">\u201eMihail Kog<\/span><span class=\"cf2\">\u0103lniceanu\u201d pentru lucrarea ,,Antropologia cultural\u0103 a s\u0103rii <\/span><span class=\"cf1\">\u00een mediul rural din spa<\/span><span class=\"cf2\">\u021biul est-carpatic al Rom<\/span><span class=\"cf1\">\u00e2niei\u201d, autor Mihaela As<\/span><span class=\"cf2\">\u0103ndulesei (Universitatea <\/span><span class=\"cf3\">\u201eAlexandru Ioan Cuza\u201d) <\/span><\/p>\n<p class=\"pf0\" style=\"text-align: justify;\"><em><strong><span class=\"cf2\">\u0218TIIN\u021aE FIZICE<\/span><\/strong><\/em><\/p>\n<p class=\"pf0\" style=\"text-align: justify;\"><span class=\"cf1\">Premiul <\/span><span class=\"cf3\">\u201e<\/span><span class=\"cf2\">\u0218tefan Procopiu\u201d pentru grupul de lucr\u0103ri ,,Dezvoltarea unor modele fizice complexe ale materialelor feroelectrice\u201d, autor: Leontin P\u0103durariu (Universitatea <\/span><span class=\"cf3\">\u201eAlexandru Ioan Cuza\u201d)<\/span><\/p>\n<p class=\"pf0\" style=\"text-align: justify;\"><em><strong><span class=\"cf2\">\u0218TIIN\u021aE GEONOMICE<\/span><\/strong><\/em><\/p>\n<p class=\"pf0\" style=\"text-align: justify;\"><span class=\"cf1\">Premiul <\/span><span class=\"cf3\">\u201eLudovic Mrazec\u201d pentru lucrarea \u201eBiomineralogie geologic<\/span><span class=\"cf2\">\u0103 \u0219i medical\u0103\u201d, autori Ion Petreu\u0219 (fost profesor la Universitatea <\/span><span class=\"cf3\">\u201eAlexandru Ioan Cuza\u201d <\/span><span class=\"cf2\">\u0219i la Facultatea de \u0218tiin\u021ba Materialelor), Tudor Petreu\u0219 (Fran\u021ba)<\/span><\/p>\n<p class=\"pf0\" style=\"text-align: justify;\"><em><strong><span class=\"cf2\">\u0218TIIN\u021aE TEHNICE<\/span><\/strong><\/em><\/p>\n<p class=\"pf0\" style=\"text-align: justify;\"><span class=\"cf1\">Premiul <\/span><span class=\"cf3\">\u201ePetre Sergescu\u201c (Istoria <\/span><span class=\"cf2\">\u0219tiin\u021belor \u0219i tehnicii) pentru lucrarea <\/span><span class=\"cf3\">\u201eGheorghe Asachi \u2013 un spirit enciclopedic\u201d, coordonator Neculai-Eugen Seghedin (Universitatea Tehnic<\/span><span class=\"cf2\">\u0103 <\/span><span class=\"cf3\">\u201eGheorghe Asachi\u201d)<\/span><\/p>\n<p class=\"pf0\" style=\"text-align: justify;\"><em><strong><span class=\"cf2\">\u0218TIIN\u021aE MEDICALE<\/span><\/strong><\/em><\/p>\n<p class=\"pf0\" style=\"text-align: justify;\"><span class=\"cf1\">Premiul <\/span><span class=\"cf3\">\u201eVictor Babe<\/span><span class=\"cf2\">\u0219\u201d pentru lucrarea <\/span><span class=\"cf3\">\u201eGastroenterologie <\/span><span class=\"cf2\">\u015fi hepatologie clinic\u0103. Edi\u0163ie revizuit\u0103 \u015fi completat\u0103 (2 vol.)\u201d autori Anca Victori\u0163a Trifan (Universitatea de Medicin\u0103 \u015fi Farmacie <\/span><span class=\"cf3\">\u201eGrigore T. Popa), Cristian Gheorghe, Dan Dumitra<\/span><span class=\"cf2\">\u015fcu, Mihai-Mircea Diculescu, Liliana Simona Gheorghe, Ioan Sporea, Marcel Tan\u0163\u0103u, Tudorel Ciurea<\/span><\/p>\n<p class=\"pf0\" style=\"text-align: justify;\"><span class=\"cf1\">Premiul <\/span><span class=\"cf3\">\u201e<\/span><span class=\"cf2\">\u0218tefan S. Nicolau\u201d pentru lucrarea <\/span><span class=\"cf3\">\u201eTratat de recuperare respiratorie \u2013 Aspecte particulare\u201d, autor Paraschiva A. Postolache (Universitatea de Medicin<\/span><span class=\"cf2\">\u0103 \u015fi Farmacie <\/span><span class=\"cf3\">\u201eGrigore T. Popa\u201d)<\/span><\/p>\n<p class=\"pf0\" style=\"text-align: justify;\"><em><strong><span class=\"cf2\">\u0218TIIN\u021aE ECONOMICE, JURIDICE \u0218I SOCIOLOGIE<\/span><\/strong><\/em><\/p>\n<p class=\"pf0\" style=\"text-align: justify;\"><span class=\"cf1\">Premiul <\/span><span class=\"cf3\">\u201eNicolas Georgescu Roegen\u201d pentru lucrarea \u201eWhen the message hurts: The unintended impacts of nudges on saving\u201d, <\/span><span class=\"cf1\">\u00een <\/span><span class=\"cf3\">\u201eJournal of Comparative Economics\u201d (\u201eC<\/span><span class=\"cf1\">\u00e2nd mesajul afecteaz<\/span><span class=\"cf2\">\u0103: Impactul neinten\u021bionat al stimulentelor asupra economisirii\u201d), autori: Marius-Alin Andrie\u0219 (FEAA, Universitatea <\/span><span class=\"cf3\">\u201eAlexandru Ioan Cuza\u201d), Sarah Walker (Australia);<\/span><\/p>\n<p class=\"pf0\" style=\"text-align: justify;\"><span class=\"cf1\">Premiul <\/span><span class=\"cf3\">\u201eHenri H. Stahl\u201d pentru lucrarea \u201eSociologia elitelor. Abord<\/span><span class=\"cf2\">\u0103ri clasice \u0219i contemporane\u201d autor Ciprian-Constantin Iftimoaei (Direc\u021bia Jude\u021bean\u0103 de Statistic\u0103)<\/span><\/p>\n<p class=\"pf0\" style=\"text-align: justify;\"><em><strong><span class=\"cf2\">SEC\u021aIA ARTE, ARHITECTUR\u0102 \u0218I AUDIOVIZUAL<\/span><\/strong><\/em><\/p>\n<p class=\"pf0\" style=\"text-align: justify;\"><span class=\"cf1\">Premiul <\/span><span class=\"cf3\">\u201eCiprian Porumbescu\u201d pentru lucr<\/span><span class=\"cf2\">\u0103rile <\/span><span class=\"cf3\">\u201eMuzicianul Cristian Misievici. Un c<\/span><span class=\"cf2\">\u0103l\u0103tor <\/span><span class=\"cf1\">\u00een V<\/span><span class=\"cf2\">\u0103ile pl<\/span><span class=\"cf1\">\u00e2ngerii (vol. I)\u201d <\/span><span class=\"cf2\">\u0219i <\/span><span class=\"cf3\">\u201eCristian Misievici. Cronicar muzical. Publicist (vol. II)\u201d, autor (coordonatoare) Carmen-Denisa Chelaru (Universitatea Na<\/span><span class=\"cf2\">\u021bional\u0103 de Arte <\/span><span class=\"cf3\">\u201eGeorge Enescu\u201d)<\/span><\/p>\n<p class=\"pf0\" style=\"text-align: justify;\"><span class=\"cf1\">Premiul <\/span><span class=\"cf3\">\u201eGeorge Oprescu\u201d pentru lucrarea \u201eValentina Rusu Ciobanu: [Re]Descoperire\u201d, autori Constantin I. Ciobanu, Laura-Codrina Ioni<\/span><span class=\"cf2\">\u021b\u0103 (Universitatea Na\u021bional\u0103 de Arte <\/span><span class=\"cf3\">\u201eGeorge Enescu\u201d), Rodica Ursachi (Republica Moldova), Mircea Ciobanu (Republica Moldova), editor autor Victoria Nagy-Vajda<\/span><\/p>\n<p class=\"pf0\" style=\"text-align: justify;\"><strong><em><span class=\"cf3\">SEC<\/span><\/em><span class=\"cf2\"><em>\u021aIA FILOLOGIE \u0218I LITERATUR\u0102<\/em> <\/span><\/strong><\/p>\n<p class=\"pf0\" style=\"text-align: justify;\"><span class=\"cf1\">Premiul <\/span><span class=\"cf3\">\u201eTitu Maiorescu\u201d pentru lucrarea \u201eLimb<\/span><span class=\"cf2\">\u0103 \u0219i cultur\u0103 german\u0103 <\/span><span class=\"cf1\">\u00een Rom\u00e2nia (1918-1933), vol. I <\/span><span class=\"cf2\">\u0219i II\u201d, editori Andrei Corbea-Hoi\u0219ie (Universitatea <\/span><span class=\"cf3\">\u201eAlexandru Ioan Cuza\u201d), Rudolf Gr<\/span><span class=\"cf1\">\u00e4f <\/span><\/p>\n<p class=\"pf0\" style=\"text-align: justify;\"><strong><span class=\"cf1\">PREMII PENTRU ANUL 2022<\/span><\/strong><\/p>\n<p class=\"pf0\" style=\"text-align: justify;\"><em><strong><span class=\"cf1\">SEC<\/span><span class=\"cf2\">\u021aIA FILOLOGIE \u0218I LITERATUR\u0102<\/span><\/strong><\/em><\/p>\n<p class=\"pf0\" style=\"text-align: justify;\"><span class=\"cf1\">Premiul <\/span><span class=\"cf3\">\u201eLucian Blaga\u201d pentru lucrarea \u201eCharles Baudelaire: Opere\u201d, vol. I-II, edi<\/span><span class=\"cf2\">\u0163ie bilingv\u0103, autoare Simona-Mihaela Modreanu (Universitatea <\/span><span class=\"cf3\">\u201eAlexandru Ioan Cuza\u201d)<\/span><\/p>\n<p class=\"pf0\" style=\"text-align: justify;\"><em><strong><span class=\"cf2\">\u0218TIIN\u021aE ISTORICE \u0218I ARHEOLOGIE<\/span><\/strong><\/em><\/p>\n<p class=\"pf0\" style=\"text-align: justify;\"><span class=\"cf1\">Premiul <\/span><span class=\"cf3\">\u201eVasile P<\/span><span class=\"cf1\">\u00e2rvan\u201d pentru lucrarea <\/span><span class=\"cf3\">\u201eAt the Borders of the Great Steppe. Late Iron Age Hillforts between the Eastern Carpathians and Prut (5th-3rd centuries BC)\u201d (\u201eLa Grani<\/span><span class=\"cf2\">\u0163ele Marii Stepe. Forturi de dealuri t<\/span><span class=\"cf1\">\u00e2rzii ale epocii fierului \u00eentre Carpa<\/span><span class=\"cf2\">\u0163ii Orientali \u015fi Prut (secolele V-III <\/span><span class=\"cf1\">\u00ee.Hr.)\u201d, autor Emil Alexandru Berzovan (Institutul de Arheologie Ia<\/span><span class=\"cf2\">\u015fi) <\/span><\/p>\n<p class=\"pf0\" style=\"text-align: justify;\"><span class=\"cf1\">Premiul <\/span><span class=\"cf3\">\u201eGeorge Bari<\/span><span class=\"cf2\">\u0163iu\u201d pentru lucrarea <\/span><span class=\"cf3\">\u201eAndrei O<\/span><span class=\"cf2\">\u0163etea. Un spirit al Sorbonei <\/span><span class=\"cf1\">\u00een Rom\u00e2nia secolului XX\u201d, autor Marian-Ionu<\/span><span class=\"cf2\">\u0163 Hariuc Institutul de Istorie din Ia\u015fi <\/span><span class=\"cf3\">\u2013<\/span><\/p>\n<p class=\"pf0\" style=\"text-align: justify;\"><em><strong><span class=\"cf3\">MATEMATIC<\/span><span class=\"cf2\">\u0102<\/span><\/strong><\/em><\/p>\n<p class=\"pf0\" style=\"text-align: justify;\"><span class=\"cf1\">Premiul <\/span><span class=\"cf3\">\u201eGheorghe Laz<\/span><span class=\"cf2\">\u0103r\u201d pentru lucrarea <\/span><span class=\"cf3\">\u201eContribu<\/span><span class=\"cf2\">\u0163ii la studiul grupurilor finite\u201d, autor Marius T\u0103rn\u0103uceanu (Universitatea <\/span><span class=\"cf3\">\u201eAlexandru Ioan Cuza\u201d) <\/span><\/p>\n<p class=\"pf0\" style=\"text-align: justify;\"><em><strong><span class=\"cf3\">CHIMIE<\/span><\/strong><\/em><\/p>\n<p class=\"pf0\" style=\"text-align: justify;\"><span class=\"cf1\">Premiul <\/span><span class=\"cf3\">\u201eCristofor I. Simionescu\u201d pentru grupul de lucr<\/span><span class=\"cf2\">\u0103ri <\/span><span class=\"cf3\">\u201eMateriale compozite con<\/span><span class=\"cf2\">\u0163in<\/span><span class=\"cf1\">\u00e2nd fosfor <\/span><span class=\"cf2\">\u015fi\/sau azot pentru aplica\u0163ii de <\/span><span class=\"cf1\">\u00eenalt<\/span><span class=\"cf2\">\u0103 performan\u0163\u0103\u201d, autor Diana Serbezeanu (Institutul de Chimie Macromolecular\u0103 <\/span><span class=\"cf3\">\u201ePetru Poni\u201d)<\/span><\/p>\n<p class=\"pf0\" style=\"text-align: justify;\"><span class=\"cf1\">Premiul <\/span><span class=\"cf3\">\u201eCristofor I. Simionescu\u201d pentru grupul de lucrari \u201eArhitecturi multifunc<\/span><span class=\"cf2\">\u021bionale pe baz\u0103 de polielectroli\u021bi, cu poten\u021biale aplica\u021bii biomedicale \u0219i pentru protec\u021bia mediului\u201d, autor cercet\u0103tor \u015ftiin\u0163ific dr. Marius-Mihai Zaharia (Institutul de Chimie Macromolecular\u0103 <\/span><span class=\"cf3\">\u201ePetru Poni\u201d)<\/span><\/p>\n<p class=\"pf0\" style=\"text-align: justify;\"><em><strong><span class=\"cf3\">SEC<\/span><span class=\"cf2\">\u021aIA ARTE, ARHITECTUR\u0102 \u0218I AUDIOVIZUAL<\/span><\/strong><\/em><\/p>\n<p class=\"pf0\" style=\"text-align: justify;\"><span class=\"cf1\">Premiul <\/span><span class=\"cf3\">\u201eGeorge Oprescu\u201d pentru lucrarea \u201eBr<\/span><span class=\"cf1\">\u00e2ncu<\/span><span class=\"cf2\">\u015fi, la chose vraie\u201d, autor Doina Lemny, istoric de art\u0103, din 1991 rezident\u0103 la Paris<\/span><\/p>\n<p class=\"pf0\" style=\"text-align: justify;\"><span class=\"cf1\">Moshe Groper, consilier al primarului municipiului Ia<\/span><span class=\"cf2\">\u0219i pentru rela\u021bia comunit\u0103\u021bile etnice, a primit Diploma <\/span><span class=\"cf3\">\u201eDistinc<\/span><span class=\"cf2\">\u021bia Cultural\u0103\u201d pentru rodnica activitate <\/span><span class=\"cf1\">\u00een domeniul activit<\/span><span class=\"cf2\">\u0103\u021bilor culturale, educative \u0219i de integrare a comunit\u0103\u021bilor etnice. <\/span><span class=\"cf1\">\u00cen total, pentru crea<\/span><span class=\"cf2\">\u021bii \u0219tiin\u021bifice \u0219i artistice realizate <\/span><span class=\"cf1\">\u00een anul 2023 speciali<\/span><span class=\"cf2\">\u0219tilor ie\u0219eni din domenii precum medicin\u0103, sociologie, \u0219tiin\u021be tehnice, istorie, art\u0103, economie sau fizic\u0103. <\/span><span class=\"cf1\">\u00cen anul 2024 c\u00e2nd s-au acordat premiile pentru anul 2022, Ia<\/span><span class=\"cf2\">\u0219ul a primit \u0219apte astfel de distinc\u021bii. <\/span><\/p>\n<p class=\"pf0\" style=\"text-align: justify;\">\n<p><!--EndFragment --><\/p>\n","protected":false},"excerpt":{"rendered":"<p>Bogata dimensiune cultural\u0103 \u0219i universitar\u0103 a Municipiului Ia\u0219i a fost recunoscut\u0103 \u0219i \u00een acest an&#8230; <a class=\"meta-more\" href=\"http:\/\/infois.ro\/?p=82737\">more <span class=\"meta-nav\">&raquo;<\/span><\/a><\/p>\n","protected":false},"author":2,"featured_media":82738,"comment_status":"closed","ping_status":"closed","sticky":false,"template":"","format":"standard","meta":{"footnotes":""},"categories":[12,41],"tags":[3198,74,40,321],"aioseo_notices":[],"_links":{"self":[{"href":"http:\/\/infois.ro\/index.php?rest_route=\/wp\/v2\/posts\/82737"}],"collection":[{"href":"http:\/\/infois.ro\/index.php?rest_route=\/wp\/v2\/posts"}],"about":[{"href":"http:\/\/infois.ro\/index.php?rest_route=\/wp\/v2\/types\/post"}],"author":[{"embeddable":true,"href":"http:\/\/infois.ro\/index.php?rest_route=\/wp\/v2\/users\/2"}],"replies":[{"embeddable":true,"href":"http:\/\/infois.ro\/index.php?rest_route=%2Fwp%2Fv2%2Fcomments&post=82737"}],"version-history":[{"count":1,"href":"http:\/\/infois.ro\/index.php?rest_route=\/wp\/v2\/posts\/82737\/revisions"}],"predecessor-version":[{"id":82739,"href":"http:\/\/infois.ro\/index.php?rest_route=\/wp\/v2\/posts\/82737\/revisions\/82739"}],"wp:featuredmedia":[{"embeddable":true,"href":"http:\/\/infois.ro\/index.php?rest_route=\/wp\/v2\/media\/82738"}],"wp:attachment":[{"href":"http:\/\/infois.ro\/index.php?rest_route=%2Fwp%2Fv2%2Fmedia&parent=82737"}],"wp:term":[{"taxonomy":"category","embeddable":true,"href":"http:\/\/infois.ro\/index.php?rest_route=%2Fwp%2Fv2%2Fcategories&post=82737"},{"taxonomy":"post_tag","embeddable":true,"href":"http:\/\/infois.ro\/index.php?rest_route=%2Fwp%2Fv2%2Ftags&post=82737"}],"curies":[{"name":"wp","href":"https:\/\/api.w.org\/{rel}","templated":true}]}}