{"id":82993,"date":"2026-02-26T09:07:45","date_gmt":"2026-02-26T07:07:45","guid":{"rendered":"https:\/\/infois.ro\/?p=82993"},"modified":"2026-02-26T09:07:45","modified_gmt":"2026-02-26T07:07:45","slug":"companiile-iesene-sunt-asteptate-la-prima-editie-a-business-forum-nord-est","status":"publish","type":"post","link":"http:\/\/infois.ro\/?p=82993","title":{"rendered":"Companiile ie\u0219ene sunt a\u0219teptate la prima edi\u021bie a Business Forum Nord &#8211; Est"},"content":{"rendered":"<p style=\"text-align: justify;\"><img loading=\"lazy\" decoding=\"async\" class=\"size-medium wp-image-82994 alignleft\" src=\"http:\/\/infois.ro\/wp-content\/uploads\/2026\/02\/afis-390x214.jpg\" alt=\"\" width=\"390\" height=\"214\" srcset=\"http:\/\/infois.ro\/wp-content\/uploads\/2026\/02\/afis-390x214.jpg 390w, http:\/\/infois.ro\/wp-content\/uploads\/2026\/02\/afis.jpg 640w\" sizes=\"(max-width: 390px) 100vw, 390px\" \/><\/p>\n<p style=\"text-align: justify;\">Uniunea Na\u021bional\u0103 a Patronatului Rom\u00e2n (UNPR), \u00een parteneriat cu Prim\u0103ria Municipiului Ia\u0219i \u0219i UNPR \u2013 Regiunea Nord Est, anun\u021b\u0103 lansarea primei edi\u021bii a Business Forum Nord &#8211; Est, un eveniment strategic dedicat mediului de afaceri din regiunea noastr\u0103, care va avea loc vineri 27 februarie 2026, de la ora 9.30, \u00een Sala Voievozilor din Palatul Culturii. Primarul Mihai Chirica a avut ocazia de a vorbi despre acest eveniment al\u0103turi de pre\u0219edintele UNPR, domnul Ioan Lucian, \u00eempreun\u0103 cu care a f\u0103cut un apel la companiile din zon\u0103 s\u0103 profite de o oportunitate semnificativ\u0103 de a-\u0219i dezvolta afacerile.<br \/>\nBusiness Forum Nord Est va reuni peste 60 de firme \u0219i este conceput ca o platform\u0103 de dialog \u0219i conexiune \u00eentre reprezentan\u021bii mediului de afaceri, autorit\u0103\u021bile publice locale \u0219i centrale, precum \u0219i speciali\u0219ti din domenii relevante pentru dezvoltarea regional\u0103. Evenimentul va include prezent\u0103ri ale proiectelor \u0219i investi\u021biilor jude\u021bene \u0219i municipale, sesiuni de dialog \u0219i networking, dar \u0219i \u00eent\u00e2lniri B2B.<br \/>\n\u201e\u00cen ultimii ani, Ia\u0219ul a f\u0103cut pa\u0219i uria\u0219i pentru a deveni, pe l\u00e2ng\u0103 o Capital\u0103 Istoric\u0103, o Capital\u0103 Cultural\u0103 \u0219i o Capital\u0103 a Spiritualit\u0103\u021bii, \u0219i o veritabil\u0103 capital\u0103 economic\u0103. Stabilirea \u0219i extinderea la Ia\u0219i a unor firme puternice din str\u0103in\u0103tate au a\u0219ezat ora\u0219ul nostru pe o hart\u0103 economic\u0103 de prestigiu.<br \/>\nDe altfel, conform unei analize Oxford Economics din 2025, dou\u0103 ora\u0219e din Rom\u00e2nia au fost incluse \u00een topul celor mai dinamice ora\u0219e europene \u00een ultimii 15 ani: Ia\u0219ul este unul dintre ele. \u00cen topul ora\u0219elor europene cu cea mai rapid\u0103 cre\u0219tere economic\u0103 ora\u0219ul nostru ocup\u0103 locul al patrulea, peste Amsterdam, Luxemburg, Copenhaga \u0219i peste Bucure\u0219ti!<br \/>\nIa\u0219ul are toate atuurile pentru a deveni unul dintre cele mai prospere ora\u0219e de la grani\u021ba de est a Uniunii Europene, \u00eencep\u00e2nd cu o for\u021b\u0103 de munc\u0103 t\u00e2n\u0103r\u0103 \u0219i bine calificat\u0103. A\u0219adar, orice firm\u0103 din str\u0103in\u0103tate, dar \u0219i din Rom\u00e2nia care vrea s\u0103 se dezvolte va g\u0103si \u00een ora\u0219ul nostru toate facilit\u0103\u021bile, o pia\u021b\u0103 \u00een cre\u0219tere, dar \u0219i oportunit\u0103\u021bile de care are nevoie.<br \/>\n\u00cen aceste condi\u021bii, administra\u021bia local\u0103 promite c\u0103 rela\u021bia cu mediul de afaceri va continua s\u0103 se diversifice \u00een ritm alert, \u00eentr-o rela\u021bie de colaborare de care s\u0103 profite at\u00e2t companiile, c\u00e2t \u0219i comunitatea local\u0103!\u201d, a declarat primarul Mihai Chirica.<\/p>\n","protected":false},"excerpt":{"rendered":"<p>Uniunea Na\u021bional\u0103 a Patronatului Rom\u00e2n (UNPR), \u00een parteneriat cu Prim\u0103ria Municipiului Ia\u0219i \u0219i UNPR \u2013&#8230; <a class=\"meta-more\" href=\"http:\/\/infois.ro\/?p=82993\">more <span class=\"meta-nav\">&raquo;<\/span><\/a><\/p>\n","protected":false},"author":2,"featured_media":82994,"comment_status":"closed","ping_status":"closed","sticky":false,"template":"","format":"standard","meta":{"footnotes":""},"categories":[6,41],"tags":[74,18403,40,18404],"aioseo_notices":[],"_links":{"self":[{"href":"http:\/\/infois.ro\/index.php?rest_route=\/wp\/v2\/posts\/82993"}],"collection":[{"href":"http:\/\/infois.ro\/index.php?rest_route=\/wp\/v2\/posts"}],"about":[{"href":"http:\/\/infois.ro\/index.php?rest_route=\/wp\/v2\/types\/post"}],"author":[{"embeddable":true,"href":"http:\/\/infois.ro\/index.php?rest_route=\/wp\/v2\/users\/2"}],"replies":[{"embeddable":true,"href":"http:\/\/infois.ro\/index.php?rest_route=%2Fwp%2Fv2%2Fcomments&post=82993"}],"version-history":[{"count":1,"href":"http:\/\/infois.ro\/index.php?rest_route=\/wp\/v2\/posts\/82993\/revisions"}],"predecessor-version":[{"id":82995,"href":"http:\/\/infois.ro\/index.php?rest_route=\/wp\/v2\/posts\/82993\/revisions\/82995"}],"wp:featuredmedia":[{"embeddable":true,"href":"http:\/\/infois.ro\/index.php?rest_route=\/wp\/v2\/media\/82994"}],"wp:attachment":[{"href":"http:\/\/infois.ro\/index.php?rest_route=%2Fwp%2Fv2%2Fmedia&parent=82993"}],"wp:term":[{"taxonomy":"category","embeddable":true,"href":"http:\/\/infois.ro\/index.php?rest_route=%2Fwp%2Fv2%2Fcategories&post=82993"},{"taxonomy":"post_tag","embeddable":true,"href":"http:\/\/infois.ro\/index.php?rest_route=%2Fwp%2Fv2%2Ftags&post=82993"}],"curies":[{"name":"wp","href":"https:\/\/api.w.org\/{rel}","templated":true}]}}