{"id":83061,"date":"2026-03-06T15:22:20","date_gmt":"2026-03-06T13:22:20","guid":{"rendered":"https:\/\/infois.ro\/?p=83061"},"modified":"2026-03-06T15:22:20","modified_gmt":"2026-03-06T13:22:20","slug":"competitie-de-gaming-teatru-pentru-copii-si-premii-de-ziua-femeii-traieste-un-weekend-plin-de-evenimente-speciale-la-palas","status":"publish","type":"post","link":"http:\/\/infois.ro\/?p=83061","title":{"rendered":"Competi\u021bie de gaming, teatru pentru copii \u0219i premii de Ziua Femeii. Tr\u0103ie\u0219te un weekend plin de evenimente speciale la Palas!"},"content":{"rendered":"<p><img loading=\"lazy\" decoding=\"async\" class=\"size-medium wp-image-83062 alignleft\" src=\"http:\/\/infois.ro\/wp-content\/uploads\/2026\/03\/Palas-Iasi-01-390x260.jpg\" alt=\"\" width=\"390\" height=\"260\" srcset=\"http:\/\/infois.ro\/wp-content\/uploads\/2026\/03\/Palas-Iasi-01-390x260.jpg 390w, http:\/\/infois.ro\/wp-content\/uploads\/2026\/03\/Palas-Iasi-01.jpg 640w\" sizes=\"(max-width: 390px) 100vw, 390px\" \/><\/p>\n<p class=\"yiv7041780311MsoNormal\" style=\"text-align: justify;\"><b><i><span lang=\"RO\">Weekend-ul acesta, Palas a preg\u0103tit evenimente care dau startul prim\u0103verii cu energie \u0219i creativitate: competi\u021bii de gaming, spectacole de teatru dedicate copiilor \u0219i surprize speciale preg\u0103tite pentru Ziua Femeii. De la emo\u021bia meciurilor din eSuperliga, la pove\u0219ti spuse pe scen\u0103 \u0219i sesiuni de shopping cu premii instant, te po\u021bi bucura de experien\u021be inedite al\u0103turi de to\u021bi membrii familiei.<\/span><\/i><\/b><\/p>\n<p class=\"yiv7041780311MsoNormal\" style=\"text-align: justify;\"><span lang=\"RO\">\u00a0<\/span><\/p>\n<p class=\"yiv7041780311MsoNormal\" style=\"text-align: justify;\"><span lang=\"RO\">Vineri \u0219i s\u00e2mb\u0103t\u0103,\u00a0<b>6 \u2013 7 martie 2026<\/b>,\u00a0<b>Palas<\/b>\u00a0g\u0103zduie\u0219te primele dou\u0103 etape ale noului sezon\u00a0<b>eSuperliga<\/b>, competi\u021bia oficial\u0103 de\u00a0<b>fotbal virtual<\/b>\u00a0din Rom\u00e2nia. \u00cen\u00a0<b>Atrium<\/b>\u00a0vor fi opt meciuri disputate zilnic, iar startul\u00a0<b>confrunt\u0103rilor<\/b>\u00a0are loc\u00a0<b>vineri<\/b>, de la ora\u00a0<b>16:30<\/b>. Accesul publicului este gratuit.<\/span><\/p>\n<p class=\"yiv7041780311MsoNormal\" style=\"text-align: justify;\"><span lang=\"RO\"> <img loading=\"lazy\" decoding=\"async\" class=\"size-medium wp-image-83063 alignright\" src=\"http:\/\/infois.ro\/wp-content\/uploads\/2026\/03\/Palas-Iasi-02-390x260.jpg\" alt=\"\" width=\"390\" height=\"260\" srcset=\"http:\/\/infois.ro\/wp-content\/uploads\/2026\/03\/Palas-Iasi-02-390x260.jpg 390w, http:\/\/infois.ro\/wp-content\/uploads\/2026\/03\/Palas-Iasi-02.jpg 640w\" sizes=\"(max-width: 390px) 100vw, 390px\" \/><\/span><\/p>\n<p class=\"yiv7041780311MsoNormal\" style=\"text-align: justify;\"><span lang=\"RO\">Atmosfera va fi completat\u0103 \u0219i de \u00eent\u00e2lniri cu importan\u021bi creatori de con\u021binut, \u00een cadrul unor sesiuni de\u00a0<b>meet &amp; greet\u00a0<\/b>programate vineri, de la ora\u00a0<b>19:00<\/b>, cu\u00a0<b>Theo\u00a0<\/b>\u0219i<b>\u00a0M\u0103d\u0103lin \u0218erban<\/b>, iar pe\u00a0<b>7 martie,\u00a0<\/b>de la\u00a0<b>19:00,<\/b>\u00a0cu\u00a0<b>M\u0103d\u0103lin Adrian\u00a0<\/b>\u0219i\u00a0<b>Xslayder.<\/b><\/span><\/p>\n<p class=\"yiv7041780311MsoNormal\" style=\"text-align: justify;\"><span lang=\"RO\">\u00a0<\/span><\/p>\n<p class=\"yiv7041780311MsoNormal\" style=\"text-align: justify;\"><span lang=\"RO\">Weekend-ul continu\u0103 \u0219i cu activit\u0103\u021bi dedicate celor mici. Duminic\u0103,\u00a0<b>8 martie<\/b>, de la ora\u00a0<b>11:00<\/b>, \u00een\u00a0<b>Atrium<\/b>, copiii sunt a\u0219tepta\u021bi la spectacolul de teatru\u00a0<b>\u201eIedul cu 3 capre<\/b>\u201d, pus \u00een scen\u0103 de\u00a0<b>Teatrul A\u0219chiuta<\/b>. Personajele cunoscute \u0219i momentele pline de umor vor transforma povestea \u00eentr-o experien\u021b\u0103 plin\u0103 de farmec pentru \u00eentreaga familie.<\/span><\/p>\n<p class=\"yiv7041780311MsoNormal\" style=\"text-align: justify;\"><span lang=\"RO\">\u00a0<\/span><\/p>\n<p class=\"yiv7041780311MsoNormal\" style=\"text-align: justify;\"><span lang=\"RO\">\u00cen aceast\u0103 perioad\u0103,\u00a0<b>Palas<\/b>\u00a0marcheaz\u0103\u00a0<b>Ziua Femeii<\/b>\u00a0printr-o campanie dedicat\u0103 celor care vor s\u0103 ofere sau s\u0103 primeasc\u0103 un cadou special. \u00centre\u00a0<b>6 \u0219i 8 martie<\/b>, cei care fac cump\u0103r\u0103turi de minimum\u00a0<b>500 de lei<\/b>, pe unul sau mai multe bonuri fiscale din aceea\u0219i zi, se pot \u00eenscrie la\u00a0<b>Centrul de Premiere<\/b>\u00a0din zona Massimo Dutti \u0219i pot primi pe loc un\u00a0<b>Mystery Box<\/b>.<\/span><\/p>\n<p class=\"yiv7041780311MsoNormal\" style=\"text-align: justify;\"><b><span lang=\"RO\">\u00a0<\/span><\/b><\/p>\n<p class=\"yiv7041780311MsoNormal\" style=\"text-align: justify;\"><b><span lang=\"RO\">Vino s\u0103 te bucuri de un weekend plin de energie, distrac\u021bie \u0219i momente speciale al\u0103turi de cei dragi!<\/span><\/b><\/p>\n<p class=\"yiv7041780311MsoNormal\" style=\"text-align: justify;\"><b><span lang=\"RO\">\u00a0<\/span><\/b><\/p>\n","protected":false},"excerpt":{"rendered":"<p>Weekend-ul acesta, Palas a preg\u0103tit evenimente care dau startul prim\u0103verii cu energie \u0219i creativitate: competi\u021bii&#8230; <a class=\"meta-more\" href=\"http:\/\/infois.ro\/?p=83061\">more <span class=\"meta-nav\">&raquo;<\/span><\/a><\/p>\n","protected":false},"author":2,"featured_media":83062,"comment_status":"closed","ping_status":"closed","sticky":false,"template":"","format":"standard","meta":{"footnotes":""},"categories":[41,60],"tags":[74,15484,40,100,9439,4289],"aioseo_notices":[],"_links":{"self":[{"href":"http:\/\/infois.ro\/index.php?rest_route=\/wp\/v2\/posts\/83061"}],"collection":[{"href":"http:\/\/infois.ro\/index.php?rest_route=\/wp\/v2\/posts"}],"about":[{"href":"http:\/\/infois.ro\/index.php?rest_route=\/wp\/v2\/types\/post"}],"author":[{"embeddable":true,"href":"http:\/\/infois.ro\/index.php?rest_route=\/wp\/v2\/users\/2"}],"replies":[{"embeddable":true,"href":"http:\/\/infois.ro\/index.php?rest_route=%2Fwp%2Fv2%2Fcomments&post=83061"}],"version-history":[{"count":1,"href":"http:\/\/infois.ro\/index.php?rest_route=\/wp\/v2\/posts\/83061\/revisions"}],"predecessor-version":[{"id":83064,"href":"http:\/\/infois.ro\/index.php?rest_route=\/wp\/v2\/posts\/83061\/revisions\/83064"}],"wp:featuredmedia":[{"embeddable":true,"href":"http:\/\/infois.ro\/index.php?rest_route=\/wp\/v2\/media\/83062"}],"wp:attachment":[{"href":"http:\/\/infois.ro\/index.php?rest_route=%2Fwp%2Fv2%2Fmedia&parent=83061"}],"wp:term":[{"taxonomy":"category","embeddable":true,"href":"http:\/\/infois.ro\/index.php?rest_route=%2Fwp%2Fv2%2Fcategories&post=83061"},{"taxonomy":"post_tag","embeddable":true,"href":"http:\/\/infois.ro\/index.php?rest_route=%2Fwp%2Fv2%2Ftags&post=83061"}],"curies":[{"name":"wp","href":"https:\/\/api.w.org\/{rel}","templated":true}]}}