{"id":9180,"date":"2014-01-15T10:35:55","date_gmt":"2014-01-15T08:35:55","guid":{"rendered":"http:\/\/infois.ro\/?p=9180"},"modified":"2014-01-15T10:35:55","modified_gmt":"2014-01-15T08:35:55","slug":"evaluari-nationale-la-clasele-a-ii-a-a-iv-a-si-a-vi-a","status":"publish","type":"post","link":"http:\/\/infois.ro\/?p=9180","title":{"rendered":"Evalu\u0103ri na\u021bionale la clasele a II-a, a IV-a \u0219i a VI-a"},"content":{"rendered":"<p style=\"text-align: justify;\"><a class=\"highslide\" onclick=\"return vz.expand(this)\" href=\"http:\/\/infois.ro\/wp-content\/uploads\/2014\/01\/evaluari.jpg\"><img loading=\"lazy\" decoding=\"async\" class=\"alignleft size-large wp-image-9181\" title=\"evaluari\" src=\"http:\/\/infois.ro\/wp-content\/uploads\/cache\/2014\/01\/evaluari\/2806967230.jpg\" alt=\"\" width=\"600\" height=\"407\" \/><\/a><\/p>\n<p style=\"text-align: justify;\">La evaluarea na\u021bional\u0103, programat\u0103 \u00een premier\u0103, \u00een acest an, \u00eentre 6 \u0219i 15 mai, la clasa a II-a, la nivelul jude\u021bului Ia\u0219i au fost \u00eenregistra\u021bi 8.783 de elevi, dintre care 3.732 \u00een mediul urban \u0219i 5.051 \u00een mediul rural, la clasa a IV-a 8.931 de elevi, dintre care 3.997 \u00een mediul urban \u0219i 5.634 \u00een mediul rural, \u00een timp ce la clasa a VI-a sunt \u00eenregistra\u021bi 9.195 de elevi, dintre care 3.490 \u00een mediul urban \u0219i 5.705 \u00een mediul rural. Dup\u0103 cum a declarat mar\u021bi, 14 ianuarie, \u00eentr-o conferin\u021b\u0103 de pres\u0103, prof. Camelia Gavril\u0103, inspectorul general \u0219colar al Inspecotratului \u0218colar Jude\u021bean (I\u0218J) Ia\u0219i,\u00a0 tezele vor fi corectate \u00een centre de evaluare, de c\u0103tre profesori care nu predau la clasele la care \u00eenva\u021b\u0103 candida\u021bii de la examen. \u201dAceste evalu\u0103ri reprezint\u0103 o m\u0103sur\u0103 foarte bun\u0103 pentru cuantificarea gradului de cuno\u0219tin\u021be al elevilor, rezultatele acestor teste urm\u00e2nd s\u0103 aib\u0103 un rol important at\u00e2t pentru clasa respectiv\u0103, c\u00e2t \u0219i pentru \u0219coala unde \u00eenva\u021b\u0103 elevul, dar \u0219i pentru \u00eenv\u0103\u021b\u0103torul sau cadrul didactic, care astfel \u00ee\u0219i va putea \u00eembun\u0103t\u0103\u021bi metodele de predare a cuno\u0219tin\u021belor c\u0103tre elevi. Pe baza interpret\u0103rilor rezultatelor la nivel na\u021bional a acestor evalu\u0103ri, care vor fi f\u0103cute de Centrul Na\u021bional de Evaluare \u0219i Examinare, se va face o diagnoz\u0103 a sistemului, a planului de preg\u0103tire a elevilor din clasa a II-a, a IV-a \u0219i a VI-a. Nu trebuie neglijat rolul psihologic pe care aceste evalu\u0103ri \u00eel au asupra eelvului de clasa a II-a, a IV-a \u0219i a VI-a, care astfel este \u00eenv\u0103\u021bat cu un sistem de testare unicat, lucru care, \u00een final, permite s\u0103 se corecte ceea ce este de corectat, din timp, \u00eenainte ca elevul s\u0103 ajung\u0103 \u00een clasa a VIII-a\u201d, a precizat prof. Camelia Gavril\u0103.\u00a0 Potrivit Ministerului Educa\u0163iei Na\u0163ionale (MEN),\u00a0 evalu\u0103rilor ma\u0163ionale (EN-2014) la clasele a II-a, a IV-a \u015fi a VI-a, \u00een anul \u015fcolar 2013-2014, se vor desf\u0103\u015fura, \u00een dou\u0103 sesiuni, \u00een perioada 6 &#8211; 29 mai, dup\u0103 cum urmeaz\u0103: prima sesiune, \u00een perioada 6 &#8211; 15 mai, iar a doua sesiune, \u00een perioada 20 &#8211; 29 mai. Prima sesiune are urm\u0103torul calendar: clasa a II-a\u00a0(6 mai:\u00a0Limba rom\u00e2n\u0103 &#8211;\u00a0scris \u015fi citit; 7 mai: Limba matern\u0103 &#8211; scris \u015fi citit; 8 mai:\u00a0\u00a0Matematic\u0103); clasa a IV-a\u00a0(13 mai:\u00a0Limba rom\u00e2n\u0103 &#8211; Limba matern\u0103; 14 mai: Matematic\u0103); clasa a VI-a\u00a0(14 mai: Limb\u0103 \u015fi comunicare; 15 mai: Matematic\u0103 \u015fi \u015ftiin\u0163e). Sesiunea a doua (pentru elevii care au absentat din motive\u00a0\u00eentemeiate la\u00a0prima sesiune)\u00a0are urm\u0103torul calendar: clasa a II-a\u00a0(20 mai:\u00a0Limba rom\u00e2n\u0103 &#8211;\u00a0scris \u015fi citit; 21 mai: Limba matern\u0103 &#8211; scris \u015fi citit; 22 mai: Matematic\u0103); clasa a VI-a\u00a0(27 mai: Limb\u0103 \u015fi comunicare; 28 mai: Matematic\u0103 \u015fi \u015ftiin\u0163e); clasa a IV-a\u00a0(28 mai: Limba rom\u00e2n\u0103 &#8211; Limba matern\u0103; 29 mai: Matematic\u0103). Testele pentru EN-2014 sunt elaborate de Centrul Na\u0163ional de Evaluare \u015fi Examinare, fiind formulate clar, precis \u015fi \u00een strict\u0103 concordan\u0163\u0103 cu programele \u015fcolare \u00een vigoare pentru fiecare disciplin\u0103 de studiu, astfel \u00eenc\u00e2t s\u0103 permit\u0103 administrarea \u00een c\u00e2te dou\u0103 secven\u0163e de evaluare. Pentru clasa a IV-a, testele vor avea\u00a0un format asem\u0103n\u0103tor cu cel al evalu\u0103rilor interna\u0163ionale administrate elevilor \u00een v\u00e2rst\u0103 de 10-12 ani.\u00a0Nivelul dedificultate al testelor va fi mediu. Rezultatele ob\u0163inute la EN-2014\u00a0nu se \u00eenregistreaz\u0103 \u00een catalogul clasei\u00a0\u015fi sunt valorificate la nivelul unit\u0103\u0163ii de \u00eenv\u0103\u0163\u0103m\u00e2nt prin elaborarea planurilor individualizate de \u00eenv\u0103\u0163are, consemnarea \u00een portofoliul educa\u0163ional al elevului, respectiv informarea p\u0103rin\u0163ilor\/reprezentan\u0163ilor legali ai elevului asupra stadiului form\u0103rii \u015fi dezvolt\u0103rii competen\u0163elor evaluate. Cadrele didactice evaluatoare sunt selectate de la alte unit\u0103\u0163i \u015fcolare dec\u00e2t cele din care provin elevii ale c\u0103ror teste sunt evaluate.\u00a0Fiecare test este evaluat de c\u0103tre dou\u0103 cadre didactice, pentru fiecare disciplin\u0103 \u00een parte,\u00a0pe baza Caietului cadrului didactic.Baremele de evaluare, precum \u015fi alte informa\u0163ii referitoare la evaluare, sunt cuprinse \u00een Caietul cadrului didactic.\u00a0Evaluarea fiec\u0103rui test se face cu respectarea strict\u0103 a baremului \u015fi a preciz\u0103rilor din Caietul cadrului didactic.<\/p>\n","protected":false},"excerpt":{"rendered":"<p>La evaluarea na\u021bional\u0103, programat\u0103 \u00een premier\u0103, \u00een acest an, \u00eentre 6 \u0219i 15 mai, la&#8230; <a class=\"meta-more\" href=\"http:\/\/infois.ro\/?p=9180\">more <span class=\"meta-nav\">&raquo;<\/span><\/a><\/p>\n","protected":false},"author":2,"featured_media":9181,"comment_status":"open","ping_status":"closed","sticky":false,"template":"","format":"standard","meta":{"footnotes":""},"categories":[12,41],"tags":[74,89,3922,313],"aioseo_notices":[],"_links":{"self":[{"href":"http:\/\/infois.ro\/index.php?rest_route=\/wp\/v2\/posts\/9180"}],"collection":[{"href":"http:\/\/infois.ro\/index.php?rest_route=\/wp\/v2\/posts"}],"about":[{"href":"http:\/\/infois.ro\/index.php?rest_route=\/wp\/v2\/types\/post"}],"author":[{"embeddable":true,"href":"http:\/\/infois.ro\/index.php?rest_route=\/wp\/v2\/users\/2"}],"replies":[{"embeddable":true,"href":"http:\/\/infois.ro\/index.php?rest_route=%2Fwp%2Fv2%2Fcomments&post=9180"}],"version-history":[{"count":1,"href":"http:\/\/infois.ro\/index.php?rest_route=\/wp\/v2\/posts\/9180\/revisions"}],"predecessor-version":[{"id":9182,"href":"http:\/\/infois.ro\/index.php?rest_route=\/wp\/v2\/posts\/9180\/revisions\/9182"}],"wp:featuredmedia":[{"embeddable":true,"href":"http:\/\/infois.ro\/index.php?rest_route=\/wp\/v2\/media\/9181"}],"wp:attachment":[{"href":"http:\/\/infois.ro\/index.php?rest_route=%2Fwp%2Fv2%2Fmedia&parent=9180"}],"wp:term":[{"taxonomy":"category","embeddable":true,"href":"http:\/\/infois.ro\/index.php?rest_route=%2Fwp%2Fv2%2Fcategories&post=9180"},{"taxonomy":"post_tag","embeddable":true,"href":"http:\/\/infois.ro\/index.php?rest_route=%2Fwp%2Fv2%2Ftags&post=9180"}],"curies":[{"name":"wp","href":"https:\/\/api.w.org\/{rel}","templated":true}]}}