{"id":9305,"date":"2014-01-23T19:02:09","date_gmt":"2014-01-23T17:02:09","guid":{"rendered":"http:\/\/infois.ro\/?p=9305"},"modified":"2014-01-23T19:02:09","modified_gmt":"2014-01-23T17:02:09","slug":"actiuni-ale-elevilor-ieseni-cu-ocazia-aniversarii-a-155-de-ani-de-la-unirea-principatelor-romane","status":"publish","type":"post","link":"http:\/\/infois.ro\/?p=9305","title":{"rendered":"Ac\u021biuni ale elevilor ie\u0219eni cu ocazia anivers\u0103rii a 155 de ani de la Unirea Principatelor Rom\u00e2ne"},"content":{"rendered":"<p style=\"text-align: justify;\"><a class=\"highslide\" onclick=\"return vz.expand(this)\" href=\"http:\/\/infois.ro\/wp-content\/uploads\/2014\/01\/elevi1.jpg\"><img loading=\"lazy\" decoding=\"async\" class=\"alignleft size-large wp-image-9306\" title=\"elevi\" src=\"http:\/\/infois.ro\/wp-content\/uploads\/cache\/2014\/01\/elevi1\/802933407.jpg\" alt=\"\" width=\"640\" height=\"480\" \/><\/a><\/p>\n<p style=\"text-align: justify;\">Consiliul Jude\u021bean al Elevilor Ia\u0219i, \u00een colaborare cu Inspectoratul \u0218colar Jude\u021bean (I\u0218J) Ia\u0219i organizeaz\u0103 vineri, 24 ianuarie, cea de-a V-a edi\u0163ie a proiectului\u00a0\u201cPe str\u0103zile Unirii\u201d,\u00a0care are ca scop aniversarea a 155 de ani de la \u00eenf\u0103ptuirea momentului istoric din 24 ianuarie 1859, respectiv Unirea Principatelor Rom\u00e2ne, \u0219i a con\u0219tientiz\u0103rii comunit\u0103\u021bii \u0219i elevilor ie\u0219eni cu privire la importan\u021ba Micii Uniri pentru poporul rom\u00e2n. Astfel, \u00een intervalul orar\u00a011.30-12.30,\u00a0elevii ie\u0219eni vor recrea atmosfera secolului al XIX-lea,\u00a0\u00een centrul istoric al Ia\u015fului pentru participan\u0163ii la eveniment, defil\u00e2nd \u00een costume de epoc\u0103, pe traseul\u00a0Palatul Culturii &#8211; Bulevardul \u0218tefan cel Mare &#8211; Pia\u021ba Unirii &#8211; Strada Alexandru L\u0103pu\u015fneanu.\u00a0\u00a0 Dup\u0103 cum au precizat organizatorii, elementul de noutate din acest an al manifest\u0103rii \u00eel constituie vizitarea\u00a0de c\u0103tre elevi a Palatului lui \u201dAlexandru Ioan Cuza\u201d, de la Ruginoasa, \u015fi organizarea unei \u00eent\u00e2lniri a acestora cu personalit\u0103\u0163i ale vie\u0163ii cultural-istorice ie\u015fene, sub genericul \u201dEvoc\u0103ri istorice. Personalit\u0103\u0163i \u015fi valori\u201d. Din programul de la Palatul Ruginoasa nu vor lipsi momentele artistice tematice, interpretate de tinerii arti\u015fti de la Palatul Copiilor \u015fi de elevii de la Liceul Teoretic \u201dAl.I. Cuza\u201d Ia\u015fi, precum \u015fi tradi\u021bionala \u201dHor\u0103 a Unirii\u201d, \u00een care se vor prinde \u015fi reprezentan\u0163ii comunit\u0103\u0163ii, dar \u015fi cei ai \u015ecolii Gimnaziale din Ruginoasa. De asemenea, la eveniment vor participa \u0219i elevii de la liceele \u201dGheorghe Asachi\u201d \u015fi \u201dC. Negruzzi\u201d din Chi\u015fin\u0103u (Republica Moldova). \u201dPrin aceast\u0103 ac\u021biune dorim s\u0103 cultiv\u0103m\u00a0spiritul patriotic \u015fi valorile na\u0163ionale \u00een r\u00e2ndul elevilor ie\u015feni \u015fi a \u00eentregii comunit\u0103\u0163i, s\u0103 evoc\u0103m\u00a0faptul c\u0103 dator\u0103m acestui eveniment nu numai existen\u021ba Rom\u00e2niei ca \u021bar\u0103, ci \u0219i dezvoltarea ei ulterioar\u0103. Este important s\u0103 ne reamintim c\u0103 de una dintre marile reformele ale domnitorului Al. I Cuza \u2013\u00a0Legea instruc\u021biunii\u00a0\u2013\u00a0prin care \u00eenv\u0103\u021b\u0103m\u00e2ntul primar devine gratuit \u0219i obligatoriu, beneficiem \u0219i ast\u0103zi. Vrem\u00a0ca elevii s\u0103 con\u0219tientizeze din ce \u00een ce mai mult importan\u021ba cunoa\u0219terii istoriei propriei na\u021biuni\u201d, a declarat pre\u0219edintele Consiliului Jude\u021bean al Elevilor Ia\u0219i, Cristian Tiberius Axinte.<\/p>\n","protected":false},"excerpt":{"rendered":"<p>Consiliul Jude\u021bean al Elevilor Ia\u0219i, \u00een colaborare cu Inspectoratul \u0218colar Jude\u021bean (I\u0218J) Ia\u0219i organizeaz\u0103 vineri,&#8230; <a class=\"meta-more\" href=\"http:\/\/infois.ro\/?p=9305\">more <span class=\"meta-nav\">&raquo;<\/span><\/a><\/p>\n","protected":false},"author":2,"featured_media":9306,"comment_status":"open","ping_status":"closed","sticky":false,"template":"","format":"standard","meta":{"footnotes":""},"categories":[12,41],"tags":[74,3974,89,313,1444],"aioseo_notices":[],"_links":{"self":[{"href":"http:\/\/infois.ro\/index.php?rest_route=\/wp\/v2\/posts\/9305"}],"collection":[{"href":"http:\/\/infois.ro\/index.php?rest_route=\/wp\/v2\/posts"}],"about":[{"href":"http:\/\/infois.ro\/index.php?rest_route=\/wp\/v2\/types\/post"}],"author":[{"embeddable":true,"href":"http:\/\/infois.ro\/index.php?rest_route=\/wp\/v2\/users\/2"}],"replies":[{"embeddable":true,"href":"http:\/\/infois.ro\/index.php?rest_route=%2Fwp%2Fv2%2Fcomments&post=9305"}],"version-history":[{"count":1,"href":"http:\/\/infois.ro\/index.php?rest_route=\/wp\/v2\/posts\/9305\/revisions"}],"predecessor-version":[{"id":9307,"href":"http:\/\/infois.ro\/index.php?rest_route=\/wp\/v2\/posts\/9305\/revisions\/9307"}],"wp:featuredmedia":[{"embeddable":true,"href":"http:\/\/infois.ro\/index.php?rest_route=\/wp\/v2\/media\/9306"}],"wp:attachment":[{"href":"http:\/\/infois.ro\/index.php?rest_route=%2Fwp%2Fv2%2Fmedia&parent=9305"}],"wp:term":[{"taxonomy":"category","embeddable":true,"href":"http:\/\/infois.ro\/index.php?rest_route=%2Fwp%2Fv2%2Fcategories&post=9305"},{"taxonomy":"post_tag","embeddable":true,"href":"http:\/\/infois.ro\/index.php?rest_route=%2Fwp%2Fv2%2Ftags&post=9305"}],"curies":[{"name":"wp","href":"https:\/\/api.w.org\/{rel}","templated":true}]}}