{"id":9980,"date":"2014-03-06T19:31:22","date_gmt":"2014-03-06T17:31:22","guid":{"rendered":"http:\/\/infois.ro\/?p=9980"},"modified":"2014-03-06T19:31:22","modified_gmt":"2014-03-06T17:31:22","slug":"campanie-privind-cresterea-numarului-de-donatori-de-celule-stem","status":"publish","type":"post","link":"http:\/\/infois.ro\/?p=9980","title":{"rendered":"Campanie privind cre\u0219terea num\u0103rului de donatori de celule stem"},"content":{"rendered":"<p style=\"text-align: justify;\"><a class=\"highslide\" onclick=\"return vz.expand(this)\" href=\"http:\/\/infois.ro\/wp-content\/uploads\/2014\/03\/celule-stem.jpg\"><img loading=\"lazy\" decoding=\"async\" class=\"alignleft size-large wp-image-9981\" title=\"celule stem\" src=\"http:\/\/infois.ro\/wp-content\/uploads\/cache\/2014\/03\/celule-stem\/662695031.jpg\" alt=\"\" width=\"640\" height=\"426\" \/><\/a><\/p>\n<p style=\"text-align: justify;\">Mar\u021bi, 11 martie, \u00eencep\u00e2nd cu ora 11.00, \u00een Amfiteatrul Institutului Regional de Oncologie (IRO) Ia\u0219i va avea loc lansarea campaniei \u201eDONEAZ\u0102 SPERAN\u021a\u0102\u201d, eveniment ini\u021biat de Comunitatea Donatorilor Voluntari de Celule Stem din Rom\u00e2nia, \u00een parteneriat cu Centrul Donatorilor Voluntari de Celule Stem Hematopoietice Ia\u0219i. Potrivit ini\u021biatirilor, campania \u00ee\u0219i propune s\u0103 creasc\u0103 num\u0103rul donatorilor poten\u021biali de celule stem, \u00eenregistra\u021bi \u00een Registrul Na\u021bional al Donatorilor Voluntari de Celule Stem, de la aproape 10.000, c\u00e2t este \u00een prezent, la un milion. Astfel, prin cre\u0219terea num\u0103rului de donatori se va putea oferi o \u0219ans\u0103 real\u0103 la peste 90 la sut\u0103 din pacien\u021bii diagnostica\u021bi cu leucemie din Rom\u00e2nia. Odat\u0103 cu lansarea campaniei, Comunitatea Donatorilor Voluntari de Celule Stem din Rom\u00e2nia va fi recunoscut\u0103 oficial de conducerea Institutului Regional de Oncologie Ia\u0219i, ca fiind prima comunitate de acest fel din Rom\u00e2nia. La eveniment va fi prezent dr. Aurora Dragomiri\u0219teanu, directorul general al Registrului Na\u021bional al Donatorilor Voluntari de Celule Stem Hematopoietice. \u201d\u00cen prezent, sunt aproape 10.000 de donatori \u00eenscri\u015fi \u015fi sper\u0103m ca anul aceasta num\u0103rul lor s\u0103 creasc\u0103 la peste 20.000. Sunt pacien\u0163i pentru care nu g\u0103sim donatori compatibili \u00een registrele din str\u0103in\u0103tate, iar \u015fansa lor de vindecare este identificarea unui donator compatibil \u00een Rom\u00e2nia, \u00eens\u0103, registrul rom\u00e2n este deocamdat\u0103 prea mic s\u0103 acoperim toate solicit\u0103rile. P\u00e2n\u0103 acum aufost efectuate 22 de proceduri de transplant de celule stem hematopoietice, dintre care la 20 de pacien\u0163i au fost donatori str\u0103ini. \u00cen prezent, avem zece bolnavi, pentru care nu g\u0103sim donatori compatibili\u201d, a precizat dr. Aurora Dragomiri\u0219teanu, directorul general al Registrului Na\u021bional al Donatorilor Voluntari de Celule Stem Hematopoietice. Voluntarii Comunit\u0103\u021bii Donatorilor Voluntari de Celule Stem Hematopoietice din Rom\u00e2nia, \u00eempreun\u0103 cu personalul medical din cadrul Centrului Donatorilor Voluntari de Celule Stem Hematopoietice Ia\u0219i, vor desf\u0103\u0219ura mai multe campanii de informare \u0219i de mobilizare a tinerilor pentru a se \u00eenscrie \u00een Registrul Na\u021bional al Donatorilor de Celule StemHematopoietice. \u00cen luna martie sunt programate caravane de promovare a don\u0103rii de celule stem hematopoietice \u0219i pentru \u00eenscrierea \u00een Registrul Na\u021bional a Donatorilor de Celule Stem. O echip\u0103 medical\u0103 este preg\u0103tit\u0103 s\u0103 se deplaseze la sediul institu\u021biilor pentru ac\u021biuni de informare \u0219i prelevare a probelor de s\u00e2nge. \u201dCred cu t\u0103rie c\u0103 oamenii vor s\u0103 se implice \u0219i s\u0103-i ajute pe cei c\u0103rora nu le-a mai r\u0103mas dec\u00e2t speran\u021ba. Donatorii voluntarii nu trebuie s\u0103 fac\u0103 altceva dec\u00e2t s\u0103 se informeze, s\u0103 se adreseze centrelor din \u021bar\u0103 unde se fac testele de s\u00e2nge pentru a vedea dac\u0103 sunt s\u0103n\u0103to\u0219i \u0219i apoi s\u0103 ajute. Doar \u00eempreun\u0103 suntem o for\u021b\u0103. \u00cempreun\u0103 Don\u0103m Speran\u021b\u0103\u201d,a declarat Iulia N\u0103nescu, fondatorul Comunit\u0103\u0163ii Donatorilor Voluntari de Celule Stem Hematopoietice din Rom\u00e2nia.<\/p>\n","protected":false},"excerpt":{"rendered":"<p>Mar\u021bi, 11 martie, \u00eencep\u00e2nd cu ora 11.00, \u00een Amfiteatrul Institutului Regional de Oncologie (IRO) Ia\u0219i&#8230; <a class=\"meta-more\" href=\"http:\/\/infois.ro\/?p=9980\">more <span class=\"meta-nav\">&raquo;<\/span><\/a><\/p>\n","protected":false},"author":2,"featured_media":9981,"comment_status":"open","ping_status":"closed","sticky":false,"template":"","format":"standard","meta":{"footnotes":""},"categories":[41,24],"tags":[74,3515,2731,2118,4294,3112],"aioseo_notices":[],"_links":{"self":[{"href":"http:\/\/infois.ro\/index.php?rest_route=\/wp\/v2\/posts\/9980"}],"collection":[{"href":"http:\/\/infois.ro\/index.php?rest_route=\/wp\/v2\/posts"}],"about":[{"href":"http:\/\/infois.ro\/index.php?rest_route=\/wp\/v2\/types\/post"}],"author":[{"embeddable":true,"href":"http:\/\/infois.ro\/index.php?rest_route=\/wp\/v2\/users\/2"}],"replies":[{"embeddable":true,"href":"http:\/\/infois.ro\/index.php?rest_route=%2Fwp%2Fv2%2Fcomments&post=9980"}],"version-history":[{"count":1,"href":"http:\/\/infois.ro\/index.php?rest_route=\/wp\/v2\/posts\/9980\/revisions"}],"predecessor-version":[{"id":9982,"href":"http:\/\/infois.ro\/index.php?rest_route=\/wp\/v2\/posts\/9980\/revisions\/9982"}],"wp:featuredmedia":[{"embeddable":true,"href":"http:\/\/infois.ro\/index.php?rest_route=\/wp\/v2\/media\/9981"}],"wp:attachment":[{"href":"http:\/\/infois.ro\/index.php?rest_route=%2Fwp%2Fv2%2Fmedia&parent=9980"}],"wp:term":[{"taxonomy":"category","embeddable":true,"href":"http:\/\/infois.ro\/index.php?rest_route=%2Fwp%2Fv2%2Fcategories&post=9980"},{"taxonomy":"post_tag","embeddable":true,"href":"http:\/\/infois.ro\/index.php?rest_route=%2Fwp%2Fv2%2Ftags&post=9980"}],"curies":[{"name":"wp","href":"https:\/\/api.w.org\/{rel}","templated":true}]}}