{"id":10009,"date":"2014-03-09T11:23:13","date_gmt":"2014-03-09T09:23:13","guid":{"rendered":"http:\/\/infois.ro\/?p=10009"},"modified":"2014-03-09T11:23:13","modified_gmt":"2014-03-09T09:23:13","slug":"anul-trecut-inchirierea-parcarilor-a-adus-13-milioane-de-lei-la-bugetul-primariei","status":"publish","type":"post","link":"https:\/\/infois.ro\/?p=10009","title":{"rendered":"Anul trecut, \u00eenchirierea parc\u0103rilor a adus 1,3 milioane de lei la bugetul Prim\u0103riei"},"content":{"rendered":"<p style=\"text-align: justify;\"><a class=\"highslide\" onclick=\"return vz.expand(this)\" href=\"http:\/\/infois.ro\/wp-content\/uploads\/2014\/03\/parcare.jpg\"><img loading=\"lazy\" decoding=\"async\" class=\"alignleft size-large wp-image-10010\" title=\"parcare\" src=\"http:\/\/infois.ro\/wp-content\/uploads\/cache\/2014\/03\/parcare\/2588168422.jpg\" alt=\"\" width=\"640\" height=\"312\" \/><\/a><\/p>\n<p style=\"text-align: justify;\">\u00cen 2013, municipalitatea ie\u0219ean\u0103 a \u00eencasat aproximativ 1,3 milioane de lei din \u00eenchirierea parc\u0103rilor cu plat\u0103 \u0219i a celor de re\u0219edin\u021b\u0103 din ora\u0219. Potrivit unei inform\u0103ri date publicit\u0103\u021bii de Direc\u021bia de Administrare a Patrimoniului Public \u0219i Privat al Prim\u0103riei (DAPPPP), din tarifele percepute la parc\u0103rile cu plat\u0103 \u015fi din abonamentele emise, muniicpalitatea a \u00eencasat la bugetul local suma de 278.926 lei, \u00een timp ce suma \u00eencasat\u0103 \u00een decursul anului trecut din \u00eenchirierea locurilor de parcare de re\u015fedin\u0163\u0103 (4.464 contracte semnate) a fost de 1.063.698 lei. Practic, ie\u015fenii au pl\u0103tit, \u00een medie, c\u00e2te 238 de lei pe an pentru un loc de parcare de re\u015fedin\u0163\u0103, adic\u0103 aproximativ 20 de lei pe lun\u0103. Parc\u0103rile cu plat\u0103 administrate de Direc\u0163ia de Administrare a Patrimoniului Public \u015fi Privat al Prim\u0103riei (DAPPP) au fost cele din zonele Cinema \u201dVictoria\u201d, Strada Armean\u0103 \u2013 Hala Central\u0103, Ghica Vod\u0103, Agatha B\u00e2rsescu, Mitocul Maicilor, Independen\u0163ei, Pia\u0163a Unirii, Anastasie Panu. Anul trecut, parcarea de la Hala Central\u0103 a fost reamenajat\u0103, m\u0103rindu-\u015fi capacitatea cu aproximativ 40%. \u00cen ceea ce prive\u015fte parc\u0103rile de re\u015fedin\u0163\u0103, au fost adjudecate prin licita\u0163ii 537 locuri de parcare \u015fi \u00eenchiriate cu aviz 547 locuri de parcare. Potrivit reprezentan\u021bilor municipalit\u0103\u021bii, Prim\u0103ria va continua \u015fi \u00een acest an s\u0103 \u00eenchirieze locuri de parcare de re\u015fedin\u0163\u0103 prin intermediul Direc\u0163iei de Administrare a Patrimoniului Public \u015fi Privat. Astfel, ie\u015fenii \u00ee\u015fi pot rezerva un loc de parcare \u00een apropierea locuin\u0163ei, pre\u0163ul \u00eenchirierii fiind stabilit \u00een urma licita\u0163iilor publice cu strigare. P\u00e2n\u0103 la jum\u0103tatea lunii martie vor fi licitate 69 de locuri de parcare \u00een cartierele Nicolina, Dacia, Alexandru cel Bun, Tudor Vladimirescu \u015fi P\u0103curari. Cele mai multe locuri vor fi disponibile pe Aleea Tudor Neculai, \u00een dou\u0103 zone fiind scoase la licita\u0163ie 24 de spa\u0163ii. Aceste parc\u0103ri de re\u015fedin\u0163\u0103 sunt amenajate prin dezafectarea garajelor individuale \u015fi reconfigurarea spa\u0163iului. P\u00e2n\u0103 pe 14 martie vor mai fi scoase la licita\u0163ie locuri de parcare pe Aleea Rozelor, Aleea Sucidava, Canta, bdul Alexandru cel Bun, bdul Tudor Vladimirescu. Traseul scoaterii la licita\u0163ie a unui loc de parcare este stabilit prin Hot\u0103r\u00e2re a Consiliului Local Municipal (CLM). Astfel, locatarul interesat s\u0103 \u00eenchirieze parcarea din fa\u021ba blocului trebuie s\u0103 fac\u0103 o cerere c\u0103tre asocia\u0163ia de proprietari. La r\u00e2ndul s\u0103u, \u015feful asocia\u0163iei trebuie s\u0103 fac\u0103 o solicitare c\u0103tre Prim\u0103rie, la care s\u0103 anexeze \u015fi planul de situa\u0163ie, cu amplasarea parc\u0103rii solicitate \u00een zon\u0103. La licita\u0163ie se poate \u00eenscrie at\u00e2t locatarul ce a solicitat locul, c\u00e2t \u015fi vecinii s\u0103i interesa\u0163i. \u00censcrierea la licita\u0163ie cost\u0103 65 de lei, aici fiind inclus pre\u0163ul documenta\u0163iei, taxa \u015fi garan\u0163ia de participare. Documentele necesare sunt cererea de \u00eenscriere la licita\u0163ie, copie dup\u0103 cartea de identitate, dup\u0103 actul de proprietate al locuin\u0163ei, dup\u0103 cartea de identitate a ma\u015finii \u015fi a certificatului de \u00eenmatriculare, chitan\u0163ele pentru taxele de participare, un certificat de atestare fiscal\u0103 de la Finan\u0163ele Locale \u015fi un dosar.<\/p>\n","protected":false},"excerpt":{"rendered":"<p>\u00cen 2013, municipalitatea ie\u0219ean\u0103 a \u00eencasat aproximativ 1,3 milioane de lei din \u00eenchirierea parc\u0103rilor cu&#8230; <a class=\"meta-more\" href=\"https:\/\/infois.ro\/?p=10009\">more <span class=\"meta-nav\">&raquo;<\/span><\/a><\/p>\n","protected":false},"author":2,"featured_media":10010,"comment_status":"open","ping_status":"closed","sticky":false,"template":"","format":"standard","meta":{"footnotes":""},"categories":[1,41],"tags":[74,2228,846,2476,296],"aioseo_notices":[],"_links":{"self":[{"href":"https:\/\/infois.ro\/index.php?rest_route=\/wp\/v2\/posts\/10009"}],"collection":[{"href":"https:\/\/infois.ro\/index.php?rest_route=\/wp\/v2\/posts"}],"about":[{"href":"https:\/\/infois.ro\/index.php?rest_route=\/wp\/v2\/types\/post"}],"author":[{"embeddable":true,"href":"https:\/\/infois.ro\/index.php?rest_route=\/wp\/v2\/users\/2"}],"replies":[{"embeddable":true,"href":"https:\/\/infois.ro\/index.php?rest_route=%2Fwp%2Fv2%2Fcomments&post=10009"}],"version-history":[{"count":1,"href":"https:\/\/infois.ro\/index.php?rest_route=\/wp\/v2\/posts\/10009\/revisions"}],"predecessor-version":[{"id":10011,"href":"https:\/\/infois.ro\/index.php?rest_route=\/wp\/v2\/posts\/10009\/revisions\/10011"}],"wp:featuredmedia":[{"embeddable":true,"href":"https:\/\/infois.ro\/index.php?rest_route=\/wp\/v2\/media\/10010"}],"wp:attachment":[{"href":"https:\/\/infois.ro\/index.php?rest_route=%2Fwp%2Fv2%2Fmedia&parent=10009"}],"wp:term":[{"taxonomy":"category","embeddable":true,"href":"https:\/\/infois.ro\/index.php?rest_route=%2Fwp%2Fv2%2Fcategories&post=10009"},{"taxonomy":"post_tag","embeddable":true,"href":"https:\/\/infois.ro\/index.php?rest_route=%2Fwp%2Fv2%2Ftags&post=10009"}],"curies":[{"name":"wp","href":"https:\/\/api.w.org\/{rel}","templated":true}]}}