{"id":10044,"date":"2014-03-11T21:04:31","date_gmt":"2014-03-11T19:04:31","guid":{"rendered":"http:\/\/infois.ro\/?p=10044"},"modified":"2014-03-11T21:05:57","modified_gmt":"2014-03-11T19:05:57","slug":"40-de-companii-virtuale-participa-la-prima-editie-a-targului-regional-al-firmelor-de-exercitiu-pasi-spre-succes","status":"publish","type":"post","link":"https:\/\/infois.ro\/?p=10044","title":{"rendered":"40 de companii virtuale particip\u0103 la prima edi\u021bie a  T\u00e2rgului Regional al Firmelor de Exerci\u021biu \u201dPa\u0219i spre succes\u201d"},"content":{"rendered":"<p style=\"text-align: justify;\"><a class=\"highslide\" onclick=\"return vz.expand(this)\" href=\"http:\/\/infois.ro\/wp-content\/uploads\/2014\/03\/afis.jpg\"><img loading=\"lazy\" decoding=\"async\" class=\"alignleft size-large wp-image-10045\" title=\"afis\" src=\"http:\/\/infois.ro\/wp-content\/uploads\/cache\/2014\/03\/afis\/612652802.jpg\" alt=\"\" width=\"640\" height=\"905\" \/><\/a><\/p>\n<p style=\"text-align: justify;\">\u00cen perioada 13-14 martie 2014, \u00een organizarea Colegiului Economic Administrativ Ia\u0219i, se va desf\u0103\u0219ura prima edi\u021bie a T\u00e2rgului Regional al Firmelor de Exerci\u021biu \u201dPa\u0219i spre succes\u201d. Evenimentul este g\u0103zduit \u00een Sala Pa\u0219ilor Pierdu\u021bi din cadrul Universit\u0103\u021bii \u201cAl.I. Cuza\u201d Ia\u0219i, deschiderea oficial\u0103 a t\u00e2rgului urm\u00e2nd a avea loc vineri, 14 martie, \u00eencep\u00e2nd cu ora 10.<\/p>\n<p style=\"text-align: justify;\"><strong>Firma de exerci\u0163iu<\/strong> reprezint\u0103 o metod\u0103 interactiv\u0103 de \u00eenv\u0103\u0163are pentru dezvoltarea spiritului antreprenorial, o concep\u0163ie modern\u0103 de integrare \u015fi aplicare interdisciplinar\u0103 a cuno\u015ftin\u0163elor, o abordare a procesului de predare-\u00eenv\u0103\u0163are care asigur\u0103 condi\u0163ii pentru\u00a0 probarea\u00a0 \u015fi\u00a0 aprofundarea practic\u0103 a competen\u0163elor dob\u00e2ndite de elevi \u00een preg\u0103tirea profesional\u0103.<\/p>\n<p style=\"text-align: justify;\"><strong>Obiectivul general al \u00eenv\u0103\u0163\u0103rii prin firma de exerci\u0163iu \u00eel reprezint\u0103 dezvoltarea spiritului antreprenorial, <\/strong>prin familiarizarea elevilor cu activit\u0103\u0163ile specifice unei firme reale, simularea opera\u0163iunilor \u015fi proceselor economice specifice mediului real de afaceri, perfec\u0163ionarea limbajului de afaceri, dezvoltarea de competen\u0163e \u015fi atitudini necesare unui \u00eentreprinz\u0103tor dinamic: creativitate, g\u00e2ndire critic\u0103, rezolvarea de probleme, luare de decizii, asumarea responsabilit\u0103\u0163ii, lucru \u00een echip\u0103, ini\u0163iativ\u0103, perseveren\u0163\u0103, autoorganizare \u015fi autoevaluare a resurselor individuale, flexibilitate.<\/p>\n<p style=\"text-align: justify;\">Prin utilizarea metodei <strong>firma de exerci\u021biu<\/strong>, se faciliteaz\u0103 trecerea absolven\u0163ilor \u00eenv\u0103\u0163\u0103m\u00e2ntul profesional \u015fi tehnic de la \u015fcoal\u0103 la via\u0163a activ\u0103.<\/p>\n<p style=\"text-align: justify;\">La aceast\u0103 prim\u0103 edi\u021bie a T\u00e2rgului s-au \u00eenscris 35 de firme de exerci\u021biu din jude\u021bele: Ia\u0219i, Neam\u021b, Suceava, Gala\u021bi, V\u0203lcea, Prahova, Maramure\u0219, precum \u0219i 5 firme de exerci\u021biu din Republica Moldova. T\u0203rgul, organizat sub forma unui concurs, este structurat pe 8 sec\u021biuni: prezentarea firmei de exerci\u021biu \u00een limba rom\u0203n\u0103, prezentarea firmei de exerci\u021biu \u00een limba englez\u0103, tranzac\u021bii, stand, spot publicitar, site, materiale publicitare, catalog.<\/p>\n<p style=\"text-align: justify;\">Evenimentul este organizat \u00een parteneriat cu Inspectoratul \u0218colar Judetean Ia\u0219i, Universitatea \u201cAl.I. Cuza\u201d Ia\u0219i, Facultatea de Economie \u0219i Administrarea Afacerilor Ia\u0219i, Camera de Comer\u021b \u0219i Industrie Ia\u0219i, SC ABPlus Events SRL, SC Econt SRL, SC Shatter SRL.<\/p>\n","protected":false},"excerpt":{"rendered":"<p>\u00cen perioada 13-14 martie 2014, \u00een organizarea Colegiului Economic Administrativ Ia\u0219i, se va desf\u0103\u0219ura prima&#8230; <a class=\"meta-more\" href=\"https:\/\/infois.ro\/?p=10044\">more <span class=\"meta-nav\">&raquo;<\/span><\/a><\/p>\n","protected":false},"author":2,"featured_media":10045,"comment_status":"open","ping_status":"closed","sticky":false,"template":"","format":"standard","meta":{"footnotes":""},"categories":[12,41],"tags":[74,4326,4325,40],"aioseo_notices":[],"_links":{"self":[{"href":"https:\/\/infois.ro\/index.php?rest_route=\/wp\/v2\/posts\/10044"}],"collection":[{"href":"https:\/\/infois.ro\/index.php?rest_route=\/wp\/v2\/posts"}],"about":[{"href":"https:\/\/infois.ro\/index.php?rest_route=\/wp\/v2\/types\/post"}],"author":[{"embeddable":true,"href":"https:\/\/infois.ro\/index.php?rest_route=\/wp\/v2\/users\/2"}],"replies":[{"embeddable":true,"href":"https:\/\/infois.ro\/index.php?rest_route=%2Fwp%2Fv2%2Fcomments&post=10044"}],"version-history":[{"count":3,"href":"https:\/\/infois.ro\/index.php?rest_route=\/wp\/v2\/posts\/10044\/revisions"}],"predecessor-version":[{"id":10047,"href":"https:\/\/infois.ro\/index.php?rest_route=\/wp\/v2\/posts\/10044\/revisions\/10047"}],"wp:featuredmedia":[{"embeddable":true,"href":"https:\/\/infois.ro\/index.php?rest_route=\/wp\/v2\/media\/10045"}],"wp:attachment":[{"href":"https:\/\/infois.ro\/index.php?rest_route=%2Fwp%2Fv2%2Fmedia&parent=10044"}],"wp:term":[{"taxonomy":"category","embeddable":true,"href":"https:\/\/infois.ro\/index.php?rest_route=%2Fwp%2Fv2%2Fcategories&post=10044"},{"taxonomy":"post_tag","embeddable":true,"href":"https:\/\/infois.ro\/index.php?rest_route=%2Fwp%2Fv2%2Ftags&post=10044"}],"curies":[{"name":"wp","href":"https:\/\/api.w.org\/{rel}","templated":true}]}}