{"id":10084,"date":"2014-03-12T20:57:22","date_gmt":"2014-03-12T18:57:22","guid":{"rendered":"http:\/\/infois.ro\/?p=10084"},"modified":"2014-03-12T20:57:22","modified_gmt":"2014-03-12T18:57:22","slug":"consilierii-judeteni-ai-psd-continua-demersurile-pentru-modernizarea-aeroportului-iasi","status":"publish","type":"post","link":"https:\/\/infois.ro\/?p=10084","title":{"rendered":"Consilierii jude\u021beni ai PSD continu\u0103 demersurile pentru modernizarea  Aeroportului Ia\u0219i"},"content":{"rendered":"<p style=\"text-align: justify;\"><a class=\"highslide\" onclick=\"return vz.expand(this)\" href=\"http:\/\/infois.ro\/wp-content\/uploads\/2014\/03\/cj-iasi.jpg\"><img loading=\"lazy\" decoding=\"async\" class=\"alignleft size-large wp-image-10085\" title=\"cj iasi\" src=\"http:\/\/infois.ro\/wp-content\/uploads\/cache\/2014\/03\/cj-iasi\/2345298439.jpg\" alt=\"\" width=\"640\" height=\"480\" \/><\/a><\/p>\n<p style=\"text-align: justify;\">Dup\u0103 ce mar\u021bi, 11 martie, \u0219edin\u021ba Consiliului Jude\u021bean (CJ), pe a c\u0103rei ordine de zi se afla \u0219i proiectul de hot\u0103r\u00e2re privind atribuirea unui teren \u00een suprafa\u021b\u0103 de 8.168 mp c\u0103tre ROMATSA Bucure\u0219ti, \u00een vederea instal\u0103rii unor echipamente tehnice pentru Aeroport, nu a mai avut loc, ca urmare a lipsei cvorumului necesar, prin lipsa din sal\u0103 a pre\u0219edintelui Cristian Adomni\u021bei \u0219i a celor 11 consilieri liberali, miercuri, 12 martie, consilierii PSD Ia\u0219i au depus la secretariatul institu\u021biei un document privind convocarea unei noi \u0219edin\u021be extraordinare, \u00een care s\u0103 fie rediscutat acest punct. Al\u0103turi de\u00a0 consilierii PSD, documentul de convocare a \u0219edin\u021bei a fost semnat \u0219i de\u00a0 consilierii jude\u021beni PP-DD Ia\u0219i. \u201dSuntem responsabili fa\u021b\u0103 de proiectele pe care ni le-am asumat \u00een fa\u021ba\u00a0 electoratului. Aeroportul Ia\u0219i este \u00een topul priorit\u0103\u021bilor noastre, dovad\u0103 \u0219i sprijinul\u00a0 constant oferit acestui proiect. Din p\u0103cate, \u00een \u0219edin\u021ba precedent\u0103, domnul\u00a0 pre\u0219edinte Adomni\u021bei a blocat acest proces, prin absen\u021ba sa. Sper\u0103m ca la \u0219edin\u021ba\u00a0 extraordinar\u0103 pe care o convoc\u0103m s\u0103 g\u0103seasc\u0103 timpul necesar pentru a fi\u00a0 prezent\u201d, a declarat Cristian Stanciu, liderul de grup al consilierilor jude\u021beni PSD\u00a0 Ia\u0219i. \u00cen cadrul \u0219edin\u021bei, consilierii PSD \u0219i PP-DD vor cere crearea unei majorit\u0103\u021bi politice stabile \u00een\u00a0 Consiliul Jude\u021bean, pentru a proteja proiectele comunit\u0103\u021bii \u00een fa\u021ba exceselor de\u00a0 orgoliu ale pre\u015fedintelui Cristian Adomni\u0163ei. \u00cen acest sens, pe ordinea de zi a\u00a0 \u0219edin\u021bei extraordinare a Consiliului Jude\u021bean se vor reg\u0103si alte dou\u0103 proiecte de\u00a0 hot\u0103r\u00e2re, dintre care unul vizeaz\u0103 \u00eenlocuirea vicepre\u0219edintelui PNL Victor Chiril\u0103. Potrivit legii, \u0219edin\u021ba extraordinar\u0103 se convoac\u0103 la cererea unei treimi din\u00a0 num\u0103rul total de consilieri jude\u021beni, \u00een cel mult trei zile de la solicitare.<\/p>\n<p style=\"text-align: justify;\">\n","protected":false},"excerpt":{"rendered":"<p>Dup\u0103 ce mar\u021bi, 11 martie, \u0219edin\u021ba Consiliului Jude\u021bean (CJ), pe a c\u0103rei ordine de zi&#8230; <a class=\"meta-more\" href=\"https:\/\/infois.ro\/?p=10084\">more <span class=\"meta-nav\">&raquo;<\/span><\/a><\/p>\n","protected":false},"author":2,"featured_media":10085,"comment_status":"open","ping_status":"closed","sticky":false,"template":"","format":"standard","meta":{"footnotes":""},"categories":[1,41],"tags":[74,465,133,40,2353],"aioseo_notices":[],"_links":{"self":[{"href":"https:\/\/infois.ro\/index.php?rest_route=\/wp\/v2\/posts\/10084"}],"collection":[{"href":"https:\/\/infois.ro\/index.php?rest_route=\/wp\/v2\/posts"}],"about":[{"href":"https:\/\/infois.ro\/index.php?rest_route=\/wp\/v2\/types\/post"}],"author":[{"embeddable":true,"href":"https:\/\/infois.ro\/index.php?rest_route=\/wp\/v2\/users\/2"}],"replies":[{"embeddable":true,"href":"https:\/\/infois.ro\/index.php?rest_route=%2Fwp%2Fv2%2Fcomments&post=10084"}],"version-history":[{"count":1,"href":"https:\/\/infois.ro\/index.php?rest_route=\/wp\/v2\/posts\/10084\/revisions"}],"predecessor-version":[{"id":10086,"href":"https:\/\/infois.ro\/index.php?rest_route=\/wp\/v2\/posts\/10084\/revisions\/10086"}],"wp:featuredmedia":[{"embeddable":true,"href":"https:\/\/infois.ro\/index.php?rest_route=\/wp\/v2\/media\/10085"}],"wp:attachment":[{"href":"https:\/\/infois.ro\/index.php?rest_route=%2Fwp%2Fv2%2Fmedia&parent=10084"}],"wp:term":[{"taxonomy":"category","embeddable":true,"href":"https:\/\/infois.ro\/index.php?rest_route=%2Fwp%2Fv2%2Fcategories&post=10084"},{"taxonomy":"post_tag","embeddable":true,"href":"https:\/\/infois.ro\/index.php?rest_route=%2Fwp%2Fv2%2Ftags&post=10084"}],"curies":[{"name":"wp","href":"https:\/\/api.w.org\/{rel}","templated":true}]}}