{"id":1012,"date":"2012-07-17T10:51:25","date_gmt":"2012-07-17T07:51:25","guid":{"rendered":"http:\/\/infois.ro\/?p=1012"},"modified":"2012-07-17T10:51:25","modified_gmt":"2012-07-17T07:51:25","slug":"serviciul-de-handling-de-la-aeroportul-international-iasi-va-fi-externalizat","status":"publish","type":"post","link":"https:\/\/infois.ro\/?p=1012","title":{"rendered":"Serviciul de handling de la Aeroportul Interna\u0163ional Ia\u015fi va fi externalizat"},"content":{"rendered":"<p style=\"text-align: justify;\"><a class=\"highslide\" onclick=\"return vz.expand(this)\" href=\"http:\/\/infois.ro\/wp-content\/uploads\/2012\/07\/Aeroportul-Iasi.jpg\"><img loading=\"lazy\" decoding=\"async\" class=\"alignnone size-large wp-image-1013\" title=\"Aeroportul-Iasi\" src=\"http:\/\/infois.ro\/wp-content\/uploads\/cache\/2012\/07\/Aeroportul-Iasi\/174373492.jpg\" alt=\"\" width=\"900\" height=\"720\" \/><\/a><\/p>\n<p style=\"text-align: justify;\">Noua conducere a Aeroportului Interna\u0163ional\u00a0 Ia\u015fi dore\u015fte s\u0103 externalizeze serviciul de handling, m\u0103sur\u0103 care ar urma s\u0103 intre \u00een vigoare \u00eencep\u00e2nd cu luna septembrie a acestui an. Potrivit directorului general al RA \u201eAeroportul\u201d Ia\u015fi, Marius Bodea, documenta\u0163ia cu privire la necesitatea externaliz\u0103rii serviciului de handling de la Aeroportul Interna\u0163ional Ia\u015fi va fi supus\u0103 spre aprobare plenului Consiliului Jude\u0163ean (CJ) \u00een cadrul \u015fedin\u0163ei din 19 iulie. \u201eAv\u00e2nd \u00een vedere faptul c\u0103, anul trecut, veniturile rezultate din activitatea de handling de la Aeroportul Interna\u0163ional Ia\u015fi s-au ridicat la suma de 732.000 de lei, \u00een condi\u0163iile \u00een care cheltuielile pentru sus\u0163inerea acestui serviciu au fost de 1,1 milioane de lei, este clar c\u0103 o asemenea activitate a fost una total neprofitabil\u0103, ea aduc\u00e2nd pierderi considerabile \u00eentregii institu\u0163ii. De aceea, \u0163in\u00e2nd cont \u015fi de faptul c\u0103 serviciul de handling este o activitate pur comercial\u0103, care nu poate primi, potrivit legii, subven\u0163ii din partea autorit\u0103\u0163ilor tutelare, consider\u0103m c\u0103 cea mai bun\u0103 solu\u0163ie pentru Aeroport este, \u00een acest moment, externalizarea acestui serviciu\u201d, a declarat Marius Bodea, luni, 16 iulie, \u00eentr-o conferin\u0163\u0103 de pres\u0103. Directorul general al Aeroportului Interna\u0163ional Ia\u015fi a afirmat c\u0103 actualele echipamente folosite la serviciul de handling sunt dep\u0103\u015fite din punct de vede fizic \u015fi moral, av\u00e2nd o vechime de peste 20 de ani. \u201ePentru \u00eennoirea acestor echipamente am avea nevoie de cel pu\u0163in 2,5 milioane de euro, bani pe care conducerea Aeroportului Interna\u0163ional Ia\u015fi nu \u00eei are \u00een acest moment. \u00cen plus, toate marile aeroporturi din \u0163ar\u0103, ca s\u0103 nu mai vorbim de cele de peste hoare, au serviciul de handling externalizat, aceasta fiind cea mai bun\u0103 solu\u0163ie pentru desf\u0103\u015furarea \u00een condi\u0163ii de siguran\u0163\u0103 a tuturor opera\u0163iunilor necesare pe pista unui aeroport, pornind de la dirijarea aeronavei \u00een zona de parcare, blocarea ro\u0163ilor, alimentarea cu combustibil, vidanjare \u015fi p\u00e2n\u0103 la procesarea fluxului pasagerilor \u015fi al bagajelor, efectuarea serviciilor de check-in \u015fi check-out etc. Practic, acest serviciu reprezint\u0103 o interfa\u0163\u0103 \u00eentre Aeroport \u015fi companiile aeriene care opereaz\u0103 curse aeriene pe aeroportul respectiv\u201d, a spus Marius Bodea. \u00cen opinia directorului general al Aeroportului, externalizarea serviciului de handling prezint\u0103 numeroase avantaje, de la atragerea unor venituri suplimentare la bugetul aeroportului, prin \u00eencasarea redeven\u0163ei de la operatorul privat de handling, care, de regul\u0103, se ridic\u0103 la 1,5 \u2013 3,0% din veniturile realizate de acesta, \u015fi p\u00e2n\u0103 la \u00eencasarea chiriei pe spa\u0163iile \u00een care operatorul respectiv \u00ee\u015fi desf\u0103\u015foar\u0103 activitatea. Marius Bodea a mai declarat c\u0103, \u00een acest moment, pe pia\u0163a din Rom\u00e2nia exist\u0103 trei mari operatori priva\u0163i de handling, care \u00ee\u015fi desf\u0103\u015foar\u0103 activitatea pe cele mai importante aeroporturi din \u0163ar\u0103. \u201eDac\u0103 lucrurile vor merge a\u015fa cum ne dorim cu to\u0163ii, sper\u0103m ca \u00eencep\u00e2nd din luna septembrie, serviciul de handling de la Aeroportul Interna\u0163ional Ia\u015fi s\u0103 fie deja externalizat, astfel \u00eenc\u00e2t activitatea de la acest obiectiv s\u0103 se ridice, cu adev\u0103rat, la standarde interna\u0163ionale\u201d, a subliniat Marius Bodea.<\/p>\n","protected":false},"excerpt":{"rendered":"<p>Noua conducere a Aeroportului Interna\u0163ional\u00a0 Ia\u015fi dore\u015fte s\u0103 externalizeze serviciul de handling, m\u0103sur\u0103 care ar&#8230; <a class=\"meta-more\" href=\"https:\/\/infois.ro\/?p=1012\">more <span class=\"meta-nav\">&raquo;<\/span><\/a><\/p>\n","protected":false},"author":2,"featured_media":1013,"comment_status":"open","ping_status":"open","sticky":false,"template":"","format":"standard","meta":{"footnotes":""},"categories":[1,6,41],"tags":[74,465,525],"aioseo_notices":[],"_links":{"self":[{"href":"https:\/\/infois.ro\/index.php?rest_route=\/wp\/v2\/posts\/1012"}],"collection":[{"href":"https:\/\/infois.ro\/index.php?rest_route=\/wp\/v2\/posts"}],"about":[{"href":"https:\/\/infois.ro\/index.php?rest_route=\/wp\/v2\/types\/post"}],"author":[{"embeddable":true,"href":"https:\/\/infois.ro\/index.php?rest_route=\/wp\/v2\/users\/2"}],"replies":[{"embeddable":true,"href":"https:\/\/infois.ro\/index.php?rest_route=%2Fwp%2Fv2%2Fcomments&post=1012"}],"version-history":[{"count":1,"href":"https:\/\/infois.ro\/index.php?rest_route=\/wp\/v2\/posts\/1012\/revisions"}],"predecessor-version":[{"id":1014,"href":"https:\/\/infois.ro\/index.php?rest_route=\/wp\/v2\/posts\/1012\/revisions\/1014"}],"wp:featuredmedia":[{"embeddable":true,"href":"https:\/\/infois.ro\/index.php?rest_route=\/wp\/v2\/media\/1013"}],"wp:attachment":[{"href":"https:\/\/infois.ro\/index.php?rest_route=%2Fwp%2Fv2%2Fmedia&parent=1012"}],"wp:term":[{"taxonomy":"category","embeddable":true,"href":"https:\/\/infois.ro\/index.php?rest_route=%2Fwp%2Fv2%2Fcategories&post=1012"},{"taxonomy":"post_tag","embeddable":true,"href":"https:\/\/infois.ro\/index.php?rest_route=%2Fwp%2Fv2%2Ftags&post=1012"}],"curies":[{"name":"wp","href":"https:\/\/api.w.org\/{rel}","templated":true}]}}