{"id":10391,"date":"2014-03-31T16:20:23","date_gmt":"2014-03-31T13:20:23","guid":{"rendered":"http:\/\/infois.ro\/?p=10391"},"modified":"2014-03-31T16:20:23","modified_gmt":"2014-03-31T13:20:23","slug":"campanie-umanitara-initiata-de-primaria-municipiului-iasi","status":"publish","type":"post","link":"https:\/\/infois.ro\/?p=10391","title":{"rendered":"Campanie umanitar\u0103 ini\u021biat\u0103 de Prim\u0103ria municipiului Ia\u0219i"},"content":{"rendered":"<p style=\"text-align: justify;\"><a class=\"highslide\" onclick=\"return vz.expand(this)\" href=\"http:\/\/infois.ro\/wp-content\/uploads\/2014\/03\/campanie1.jpg\"><img loading=\"lazy\" decoding=\"async\" class=\"alignleft size-large wp-image-10392\" title=\"campanie\" src=\"http:\/\/infois.ro\/wp-content\/uploads\/cache\/2014\/03\/campanie1\/1941576163.jpg\" alt=\"\" width=\"640\" height=\"907\" \/><\/a><\/p>\n<p style=\"text-align: justify;\">\u00cen preajma S\u0103rb\u0103torilor de Pa\u015fte, Prim\u0103ria municipiului Ia\u015fi, prin Direc\u0163ia de Asisten\u0163\u0103 Comunitar\u0103 (DAC) ini\u0163iaz\u0103 o nou\u0103 campanie de colectare dona\u0163ii pentru persoanele defavorizate din municipiul Ia\u015fi. Sub titulatura \u201dDoneaz\u0103 pentru un z\u00e2mbet !\u201d, campania se va desf\u0103\u015fura \u00een perioada 31 martie \u2013 12 aprilie 2014. Ac\u0163iunea ce apeleaz\u0103 la spiritul de solidaritate al ie\u015fenilor, este destinat\u0103 persoanelor singure, persoanelor v\u00e2rstnice \u015fi familiilor vulnerabile din punct de vedere social de pe raza municipiului Ia\u015fi. \u00cen aceast\u0103 campanie umanitar\u0103 se colecteaz\u0103 dona\u0163ii \u00een alimente neperisabile \u015fi materiale pentru cur\u0103\u0163enie, acestea urm\u00e2nd s\u0103 fie distribuite c\u0103tre beneficiari \u00een zilele de 16, 17 \u015fi 18 aprilie. Pentru colectarea c\u00e2t mai facil\u0103 a dona\u0163iilor, Direc\u0163ia de Asisten\u0163\u0103 Comunitar\u0103 va avea corturi special instalate \u00een locuri accesibile \u015fi cunoscute din Municipiul Ia\u015fi. Corturile vor fi amplasate \u00een urm\u0103toarele loca\u0163ii: Esplanada Oancea, Pia\u0163a Voievozilor, Pia\u0163a Unirii \u2013 Cinematograf Victoria, P\u0103curari \u2013 Esplanada Mimoza. Dona\u0163iile pot fi depuse la aceste puncte de luni p\u00e2n\u0103 s\u00e2mb\u0103t\u0103 \u00een intervalul orar 12- 19.<\/p>\n","protected":false},"excerpt":{"rendered":"<p>\u00cen preajma S\u0103rb\u0103torilor de Pa\u015fte, Prim\u0103ria municipiului Ia\u015fi, prin Direc\u0163ia de Asisten\u0163\u0103 Comunitar\u0103 (DAC) ini\u0163iaz\u0103&#8230; <a class=\"meta-more\" href=\"https:\/\/infois.ro\/?p=10391\">more <span class=\"meta-nav\">&raquo;<\/span><\/a><\/p>\n","protected":false},"author":2,"featured_media":10392,"comment_status":"open","ping_status":"closed","sticky":false,"template":"","format":"standard","meta":{"footnotes":""},"categories":[1,41],"tags":[74,1385,3390,2035,296],"aioseo_notices":[],"_links":{"self":[{"href":"https:\/\/infois.ro\/index.php?rest_route=\/wp\/v2\/posts\/10391"}],"collection":[{"href":"https:\/\/infois.ro\/index.php?rest_route=\/wp\/v2\/posts"}],"about":[{"href":"https:\/\/infois.ro\/index.php?rest_route=\/wp\/v2\/types\/post"}],"author":[{"embeddable":true,"href":"https:\/\/infois.ro\/index.php?rest_route=\/wp\/v2\/users\/2"}],"replies":[{"embeddable":true,"href":"https:\/\/infois.ro\/index.php?rest_route=%2Fwp%2Fv2%2Fcomments&post=10391"}],"version-history":[{"count":1,"href":"https:\/\/infois.ro\/index.php?rest_route=\/wp\/v2\/posts\/10391\/revisions"}],"predecessor-version":[{"id":10393,"href":"https:\/\/infois.ro\/index.php?rest_route=\/wp\/v2\/posts\/10391\/revisions\/10393"}],"wp:featuredmedia":[{"embeddable":true,"href":"https:\/\/infois.ro\/index.php?rest_route=\/wp\/v2\/media\/10392"}],"wp:attachment":[{"href":"https:\/\/infois.ro\/index.php?rest_route=%2Fwp%2Fv2%2Fmedia&parent=10391"}],"wp:term":[{"taxonomy":"category","embeddable":true,"href":"https:\/\/infois.ro\/index.php?rest_route=%2Fwp%2Fv2%2Fcategories&post=10391"},{"taxonomy":"post_tag","embeddable":true,"href":"https:\/\/infois.ro\/index.php?rest_route=%2Fwp%2Fv2%2Ftags&post=10391"}],"curies":[{"name":"wp","href":"https:\/\/api.w.org\/{rel}","templated":true}]}}