{"id":10597,"date":"2014-04-10T20:03:47","date_gmt":"2014-04-10T17:03:47","guid":{"rendered":"http:\/\/infois.ro\/?p=10597"},"modified":"2014-04-10T20:03:47","modified_gmt":"2014-04-10T17:03:47","slug":"ovidiu-lipan-tandarica-numit-ambasador-al-iasului-de-catre-primarie","status":"publish","type":"post","link":"https:\/\/infois.ro\/?p=10597","title":{"rendered":"Ovidiu Lipan \u021a\u0103nd\u0103ric\u0103, numit \u201dAmbasador al Ia\u0219ului\u201d de c\u0103tre Prim\u0103rie"},"content":{"rendered":"<p style=\"text-align: justify;\"><a class=\"highslide\" onclick=\"return vz.expand(this)\" href=\"http:\/\/infois.ro\/wp-content\/uploads\/2014\/04\/tandarica-ambasador.jpg\"><img loading=\"lazy\" decoding=\"async\" class=\"alignleft size-large wp-image-10598\" title=\"tandarica ambasador\" src=\"http:\/\/infois.ro\/wp-content\/uploads\/cache\/2014\/04\/tandarica-ambasador\/4157881301.jpg\" alt=\"\" width=\"640\" height=\"645\" \/><\/a><\/p>\n<p style=\"text-align: justify;\">Fostul component al trupei \u201dPhoenix\u201d, Ovidiu Lipan \u021a\u0103nd\u0103ric\u0103, \u00een prezent baterist al forma\u021biei \u201dPas\u0103rea Rock\u201d, a primit titlul de \u201dAmbasador al Ia\u015fului\u201d \u015fi sus\u0163in\u0103tor al demersurilor pe care conducerea acestui ora\u0219 le face pentru ob\u0163inerea titlului de \u201dCapital\u0103 Cultural\u0103 European\u0103\u201d a anului 2021. Prezent la Ia\u0219i, al\u0103turi de ceilal\u021bi membri ai forma\u021biei \u201dPas\u0103rea Rock\u201d, unde joi, 10 aprilie, vor sus\u021bine un recital la Casa de Cultur\u0103 a Studen\u021bilor, \u00een cadrul turneului na\u021bional de promovare al celui mai recent album, Ovidiu Lipan \u021a\u0103nd\u0103ric\u0103, ie\u0219ean de origine, a primit titlul onorant de \u201dAmbasador al Ia\u0219ului\u201d din partea viceprimarului Mihai Chirica, \u00een cadrul unei conferin\u0163e extraordinare de pres\u0103, organizat\u0103 la Palatul Roznovanu. \u201dSunt foarte onorat de primirea acestei distinc\u0163ii \u015fi v\u0103 asigur c\u0103 voi \u00eentreprinde tot ceea ce depinde de mine pentru a aduce Ia\u015ful mai aproape de titlul de Capital\u0103 Cultural\u0103 a Europei\u201d, a declarat Ovidiu Lipan, vizibil emo\u0163ionat. \u201dPas\u0103rea Rock\u201d \u00eei reune\u015fte pe fo\u015ftii componen\u0163i ai legendarei forma\u0163ii \u201dPhoenix\u201d \u00eentr-o formul\u0103 nou\u0103, din care fac parte Mircea Baniciu, Ovidiu Lipan, Josef Kappl, dar \u015fi Vladi Cnejevici, Teo Boar, Cristi Gram \u015fi Mani Neumann. \u201dLucrurile care ne unesc sunt muzica \u015fi spiritul anilor 70\u201d, a subliniat Josef Kappl. Viceprimarul Mihai Chirica a relevat deschiderea Ia\u015fului c\u0103tre concerte de nivelul celui sus\u0163inut de \u201dPas\u0103rea Rock\u201d, afirm\u00e2nd: \u201dIa\u015ful \u0163ine la astfel de evenimente \u015fi la astfel de oameni de valoare.\u201d Concertul de la Ia\u015fi cuprinde at\u00e2t piese consacrate, c\u00e2t \u015fi dou\u0103 piese noi, \u201ePraznic n\u0103prasnic\u201d \u015fi \u201eLegenda\u201d. \u00cen toamna acestui an, \u201dPas\u0103rea Rock\u201d va lansa un DVD ce va cuprinde, \u00een principal, imagini de la concertul de debut, sus\u0163inut pe 25 martie 2014, la Bucure\u015fti.<\/p>\n","protected":false},"excerpt":{"rendered":"<p>Fostul component al trupei \u201dPhoenix\u201d, Ovidiu Lipan \u021a\u0103nd\u0103ric\u0103, \u00een prezent baterist al forma\u021biei \u201dPas\u0103rea Rock\u201d,&#8230; <a class=\"meta-more\" href=\"https:\/\/infois.ro\/?p=10597\">more <span class=\"meta-nav\">&raquo;<\/span><\/a><\/p>\n","protected":false},"author":2,"featured_media":10598,"comment_status":"open","ping_status":"closed","sticky":false,"template":"","format":"standard","meta":{"footnotes":""},"categories":[1,41],"tags":[74,2987,4579,4580,296],"aioseo_notices":[],"_links":{"self":[{"href":"https:\/\/infois.ro\/index.php?rest_route=\/wp\/v2\/posts\/10597"}],"collection":[{"href":"https:\/\/infois.ro\/index.php?rest_route=\/wp\/v2\/posts"}],"about":[{"href":"https:\/\/infois.ro\/index.php?rest_route=\/wp\/v2\/types\/post"}],"author":[{"embeddable":true,"href":"https:\/\/infois.ro\/index.php?rest_route=\/wp\/v2\/users\/2"}],"replies":[{"embeddable":true,"href":"https:\/\/infois.ro\/index.php?rest_route=%2Fwp%2Fv2%2Fcomments&post=10597"}],"version-history":[{"count":1,"href":"https:\/\/infois.ro\/index.php?rest_route=\/wp\/v2\/posts\/10597\/revisions"}],"predecessor-version":[{"id":10599,"href":"https:\/\/infois.ro\/index.php?rest_route=\/wp\/v2\/posts\/10597\/revisions\/10599"}],"wp:featuredmedia":[{"embeddable":true,"href":"https:\/\/infois.ro\/index.php?rest_route=\/wp\/v2\/media\/10598"}],"wp:attachment":[{"href":"https:\/\/infois.ro\/index.php?rest_route=%2Fwp%2Fv2%2Fmedia&parent=10597"}],"wp:term":[{"taxonomy":"category","embeddable":true,"href":"https:\/\/infois.ro\/index.php?rest_route=%2Fwp%2Fv2%2Fcategories&post=10597"},{"taxonomy":"post_tag","embeddable":true,"href":"https:\/\/infois.ro\/index.php?rest_route=%2Fwp%2Fv2%2Ftags&post=10597"}],"curies":[{"name":"wp","href":"https:\/\/api.w.org\/{rel}","templated":true}]}}