{"id":1060,"date":"2012-07-20T11:25:06","date_gmt":"2012-07-20T08:25:06","guid":{"rendered":"http:\/\/infois.ro\/?p=1060"},"modified":"2012-07-20T11:25:06","modified_gmt":"2012-07-20T08:25:06","slug":"serviciul-public-de-administrare-a-drumurilor-judetene-iasi-are-un-nou-director","status":"publish","type":"post","link":"https:\/\/infois.ro\/?p=1060","title":{"rendered":"Serviciul Public de Administrare a Drumurilor Jude\u0163ene Ia\u015fi are un nou director"},"content":{"rendered":"<p style=\"text-align: justify;\"><a class=\"highslide\" onclick=\"return vz.expand(this)\" href=\"http:\/\/infois.ro\/wp-content\/uploads\/2012\/07\/Aneta-Manolache.jpg\"><img loading=\"lazy\" decoding=\"async\" class=\"alignnone size-large wp-image-1061\" title=\"Aneta Manolache\" src=\"http:\/\/infois.ro\/wp-content\/uploads\/cache\/2012\/07\/Aneta-Manolache\/3526715194.jpg\" alt=\"\" width=\"325\" height=\"316\" \/><\/a><\/p>\n<p style=\"text-align: justify;\">\u00cencep\u00e2nd de joi, 19 iulie, Serviciul Public de Administrare a Drumurilor Jude\u0163ene (SPADJ) Ia\u015fi, unitate aflate \u00een subordinea Consiliului Jude\u0163ean (CJ), are un nou director, \u00een persoana Anetei Manolache. Ea \u00eel \u00eenlocuie\u015fte \u00een func\u0163ie pe Radu Judele, care a demisionat la \u00eenceputul acestei luni din post, dup\u0103 ce a c\u00e2\u015ftigat concursul de administrator public \u00een cadrul Consiliului Jude\u0163ean (CJ) Boto\u015fani. Anun\u0163ul privind numirea \u00een func\u0163ia de director al SPADJ a Anetei Manolache a fost f\u0103cut de pre\u015fedintele Consiliului Jude\u0163ean (CJ) Ia\u015fi, Cristian Adomni\u0163ei, \u00een cadrul \u015fedin\u0163ei Legislativului jude\u0163ului. \u201cDoamna Manolache, de profesie inginer constructor, are o experien\u0163\u0103 vast\u0103 \u00een cadrul Serviciului Public de Administrare a Drumurilor Jude\u0163ene, \u00een cadrul c\u0103ruia a \u00eendeplinit func\u0163ia de \u015fef serviciu derulare contracte. \u00cempreun\u0103 cu membrii comisiei CJ care se vor ocupa de starea drumurilor din jude\u0163, domnia sa va trebui s\u0103 pun\u0103 ordine c\u00e2t mai repede \u00een activitatea acestui serviciu\u201d, a declarat pre\u015fedintele CJ Ia\u015fi, Cristian Adomni\u0163ei. Aneta Manolache va ocupa func\u0163ia de director al Serviciului Public de Administrare a Drumurilor Jude\u0163ene Ia\u015fi pe perioad\u0103 interimar\u0103, p\u00e2n\u0103 la organizarea concursului de ocupare a func\u0163ie de \u015fef al acestei institu\u0163ii.<\/p>\n","protected":false},"excerpt":{"rendered":"<p>\u00cencep\u00e2nd de joi, 19 iulie, Serviciul Public de Administrare a Drumurilor Jude\u0163ene (SPADJ) Ia\u015fi, unitate&#8230; <a class=\"meta-more\" href=\"https:\/\/infois.ro\/?p=1060\">more <span class=\"meta-nav\">&raquo;<\/span><\/a><\/p>\n","protected":false},"author":2,"featured_media":0,"comment_status":"open","ping_status":"open","sticky":false,"template":"","format":"standard","meta":{"footnotes":""},"categories":[1,41],"tags":[74,374,542],"aioseo_notices":[],"_links":{"self":[{"href":"https:\/\/infois.ro\/index.php?rest_route=\/wp\/v2\/posts\/1060"}],"collection":[{"href":"https:\/\/infois.ro\/index.php?rest_route=\/wp\/v2\/posts"}],"about":[{"href":"https:\/\/infois.ro\/index.php?rest_route=\/wp\/v2\/types\/post"}],"author":[{"embeddable":true,"href":"https:\/\/infois.ro\/index.php?rest_route=\/wp\/v2\/users\/2"}],"replies":[{"embeddable":true,"href":"https:\/\/infois.ro\/index.php?rest_route=%2Fwp%2Fv2%2Fcomments&post=1060"}],"version-history":[{"count":1,"href":"https:\/\/infois.ro\/index.php?rest_route=\/wp\/v2\/posts\/1060\/revisions"}],"predecessor-version":[{"id":1062,"href":"https:\/\/infois.ro\/index.php?rest_route=\/wp\/v2\/posts\/1060\/revisions\/1062"}],"wp:attachment":[{"href":"https:\/\/infois.ro\/index.php?rest_route=%2Fwp%2Fv2%2Fmedia&parent=1060"}],"wp:term":[{"taxonomy":"category","embeddable":true,"href":"https:\/\/infois.ro\/index.php?rest_route=%2Fwp%2Fv2%2Fcategories&post=1060"},{"taxonomy":"post_tag","embeddable":true,"href":"https:\/\/infois.ro\/index.php?rest_route=%2Fwp%2Fv2%2Ftags&post=1060"}],"curies":[{"name":"wp","href":"https:\/\/api.w.org\/{rel}","templated":true}]}}