{"id":10636,"date":"2014-04-12T19:54:09","date_gmt":"2014-04-12T16:54:09","guid":{"rendered":"http:\/\/infois.ro\/?p=10636"},"modified":"2014-04-12T19:54:09","modified_gmt":"2014-04-12T16:54:09","slug":"campania-doneaza-pentru-un-zambet-a-ajuns-la-final","status":"publish","type":"post","link":"https:\/\/infois.ro\/?p=10636","title":{"rendered":"Campania \u201dDoneaz\u0103 pentru un z\u00e2mbet!\u201d a ajuns la final"},"content":{"rendered":"<p style=\"text-align: justify;\"><a class=\"highslide\" onclick=\"return vz.expand(this)\" href=\"http:\/\/infois.ro\/wp-content\/uploads\/2014\/04\/campanie2.jpg\"><img loading=\"lazy\" decoding=\"async\" class=\"alignleft size-large wp-image-10637\" title=\"campanie\" src=\"http:\/\/infois.ro\/wp-content\/uploads\/cache\/2014\/04\/campanie2\/471536740.jpg\" alt=\"\" width=\"640\" height=\"519\" \/><\/a><\/p>\n<p style=\"text-align: justify;\">\u00cen preajma S\u0103rb\u0103torilor de Pa\u015fti, Prim\u0103ria municipiului Ia\u015fi, prin Direc\u0163ia de \u00a0Asisten\u0163\u0103 Comunitar\u0103 (DAC), a ini\u021biat o nou\u0103 campanie de colectare a dona\u0163iilor pentru \u00a0persoanele defavorizate din municipiul Ia\u015fi. Aflat\u0103 la cea de-a treia edi\u0163ie, \u00a0campania \u201dDoneaz\u0103 pentru un z\u00e2mbet!\u201d s-a desf\u0103\u0219urat \u00een acest an \u00een perioada 31 martie \u2013 \u00a012 aprilie 2014. \u00a0Ac\u0163iunea, care a apelat la spiritul de solidaritate al ie\u015fenilor, a fost destinat\u0103 persoanelor singure, persoanelor v\u00e2rstnice \u015fi familiilor vulnerabile din punct de \u00a0vedere social de pe raza municipiului Ia\u015fi. \u00cen aceast\u0103 campanie umanitar\u0103 s-au colectat dona\u0163ii \u00een alimente neperisabile \u015fi materiale pentru cur\u0103\u0163enie, acestea \u00a0urm\u00e2nd s\u0103 fie distribuite c\u0103tre beneficiari \u00een zilele de 16, 17 \u015fi 18 aprilie. Pentru \u00a0colectarea dona\u0163iilor de la ie\u0219eni, Direc\u0163ia de Asisten\u0163\u0103 Comunitar\u0103 a amplasat corturi \u00een locuri accesibile \u015fi cunoscute din municipiul Ia\u015fi, printre care Esplanada Oancea, Pia\u0163a \u00a0Voievozilor, Pia\u0163a Unirii \u2013 Cinematograf Victoria, P\u0103curari \u2013 Esplanada Mimoza.<\/p>\n","protected":false},"excerpt":{"rendered":"<p>\u00cen preajma S\u0103rb\u0103torilor de Pa\u015fti, Prim\u0103ria municipiului Ia\u015fi, prin Direc\u0163ia de \u00a0Asisten\u0163\u0103 Comunitar\u0103 (DAC), a&#8230; <a class=\"meta-more\" href=\"https:\/\/infois.ro\/?p=10636\">more <span class=\"meta-nav\">&raquo;<\/span><\/a><\/p>\n","protected":false},"author":2,"featured_media":10637,"comment_status":"open","ping_status":"closed","sticky":false,"template":"","format":"standard","meta":{"footnotes":""},"categories":[1],"tags":[612,3515,3390,296],"aioseo_notices":[],"_links":{"self":[{"href":"https:\/\/infois.ro\/index.php?rest_route=\/wp\/v2\/posts\/10636"}],"collection":[{"href":"https:\/\/infois.ro\/index.php?rest_route=\/wp\/v2\/posts"}],"about":[{"href":"https:\/\/infois.ro\/index.php?rest_route=\/wp\/v2\/types\/post"}],"author":[{"embeddable":true,"href":"https:\/\/infois.ro\/index.php?rest_route=\/wp\/v2\/users\/2"}],"replies":[{"embeddable":true,"href":"https:\/\/infois.ro\/index.php?rest_route=%2Fwp%2Fv2%2Fcomments&post=10636"}],"version-history":[{"count":2,"href":"https:\/\/infois.ro\/index.php?rest_route=\/wp\/v2\/posts\/10636\/revisions"}],"predecessor-version":[{"id":10639,"href":"https:\/\/infois.ro\/index.php?rest_route=\/wp\/v2\/posts\/10636\/revisions\/10639"}],"wp:featuredmedia":[{"embeddable":true,"href":"https:\/\/infois.ro\/index.php?rest_route=\/wp\/v2\/media\/10637"}],"wp:attachment":[{"href":"https:\/\/infois.ro\/index.php?rest_route=%2Fwp%2Fv2%2Fmedia&parent=10636"}],"wp:term":[{"taxonomy":"category","embeddable":true,"href":"https:\/\/infois.ro\/index.php?rest_route=%2Fwp%2Fv2%2Fcategories&post=10636"},{"taxonomy":"post_tag","embeddable":true,"href":"https:\/\/infois.ro\/index.php?rest_route=%2Fwp%2Fv2%2Ftags&post=10636"}],"curies":[{"name":"wp","href":"https:\/\/api.w.org\/{rel}","templated":true}]}}