{"id":11030,"date":"2014-05-06T17:08:47","date_gmt":"2014-05-06T14:08:47","guid":{"rendered":"http:\/\/infois.ro\/?p=11030"},"modified":"2014-05-08T17:11:34","modified_gmt":"2014-05-08T14:11:34","slug":"niciun-arbore-marcat-de-ocolul-silvic-din-iasi-nu-este-propus-spre-inlocuire","status":"publish","type":"post","link":"https:\/\/infois.ro\/?p=11030","title":{"rendered":"Niciun arbore marcat de Ocolul Silvic din Ia\u0219i nu este propus spre \u00eenlocuire"},"content":{"rendered":"<p style=\"text-align: justify;\"><a class=\"highslide\" onclick=\"return vz.expand(this)\" href=\"http:\/\/infois.ro\/wp-content\/uploads\/2014\/05\/parcul-Copou.jpg\"><img loading=\"lazy\" decoding=\"async\" class=\"alignleft size-large wp-image-11031\" title=\"parcul Copou\" src=\"http:\/\/infois.ro\/wp-content\/uploads\/cache\/2014\/05\/parcul-Copou\/1098792696.jpg\" alt=\"\" width=\"640\" height=\"479\" \/><\/a><\/p>\n<p style=\"text-align: justify;\">La fel ca \u00een fiecare prim\u0103var\u0103, reprezentan\u021bii Ocolului Silvic Ia\u0219i au evaluat starea \u00a0de s\u0103n\u0103tate a arborilor afla\u021bi \u00een regim silvic de pe raza municipiului Ia\u0219i. Printre zonele evaluate se afl\u0103 \u0219i Gr\u0103dina Copou, Ciric, C.A. Rosetti, precum \u0219i mai multe aliniamente \u00a0stradale. \u00a0\u201dAc\u021biunea se desf\u0103\u0219oar\u0103 \u00een fiecare an \u0219i este obligatorie, prin lege, pentru a nu pune \u00een pericol cet\u0103\u021benii, imobilele sau autovehiculele din Municipiul Ia\u0219i. \u00cen urma ac\u021biunii reprezentan\u021bilor Ocolului Silvic Ia\u0219i, au fost identifica\u021bi circa 300 \u00a0de arbori, care ridic\u0103 semne de \u00eentrebare \u00een privin\u021ba stabilit\u0103\u021bii \u0219i s\u0103n\u0103t\u0103\u021bii. Conform legii, \u00a0arborii usca\u021bi sau \/ \u0219i bolnavi sunt marca\u021bi, pentru evaluarea final\u0103. Evaluarea se face \u00a0prin analize de laborator, prin extragere de carot\u0103 din tulpina arborelui, respectiv o analiz\u0103 la r\u0103d\u0103cina arborelui, pentru stabilitarea gradului de stabilitate. Prevederile legale oblig\u0103 autorit\u0103\u021bile locale s\u0103 \u00eenlocuiasc\u0103 vegeta\u021bia care pune \u00een \u00a0pericol situa\u021bia cet\u0103\u021benilor, autovehiculelor sau imobilelor. Orice nerespectare a acestor prevederi legale duce la \u00eentocmirea de dosar penal pentru neglijen\u021b\u0103 \u00een serviciu. Municipalitatea ie\u0219ean\u0103 colaboreaz\u0103 cu reprezentan\u021bii Ocolului Silvic, pentru a \u00a0identifica arborii care reprezint\u0103 un real pericol, \u00een vederea \u00eenlocuirii lor. \u00a0Dac\u0103 \u00een urma analizelor de laborator se dovede\u0219te c\u0103 arborii marca\u021bi sunt s\u0103n\u0103to\u0219i \u0219i stabili, ace\u0219tia nu vor fi \u00eenlocui\u021bi. \u00cen acest moment, arborii marca\u021bi \u00een municipiul Ia\u0219i se afl\u0103 \u00een procesul de analiz\u0103 \u0219i niciunul nu a fost propus pentru \u00eenlocuire. Amintim opiniei publice incidentul regretabil din luna aprilie 2010, c\u00e2nd un arbore \u00a0din Parcul Copou, care p\u0103rea perfect s\u0103n\u0103tos \u0219i era \u00eenverzit, a c\u0103zut peste cinci elevi, pun\u00e2ndu-le \u00een pericol integritatea fizic\u0103. Trei dintre ei au suferit traumatisme grave \u0219i au necesitat spitalizare\u201d, se precizeaz\u0103 \u00eentr-un comunicat al Biroul de Pres\u0103 al Prim\u0103riei municipiului Ia\u015fi.<\/p>\n","protected":false},"excerpt":{"rendered":"<p>La fel ca \u00een fiecare prim\u0103var\u0103, reprezentan\u021bii Ocolului Silvic Ia\u0219i au evaluat starea \u00a0de s\u0103n\u0103tate&#8230; <a class=\"meta-more\" href=\"https:\/\/infois.ro\/?p=11030\">more <span class=\"meta-nav\">&raquo;<\/span><\/a><\/p>\n","protected":false},"author":2,"featured_media":11031,"comment_status":"open","ping_status":"closed","sticky":false,"template":"","format":"standard","meta":{"footnotes":""},"categories":[1,41],"tags":[74,4145,2610,40,4769,1276,296],"aioseo_notices":[],"_links":{"self":[{"href":"https:\/\/infois.ro\/index.php?rest_route=\/wp\/v2\/posts\/11030"}],"collection":[{"href":"https:\/\/infois.ro\/index.php?rest_route=\/wp\/v2\/posts"}],"about":[{"href":"https:\/\/infois.ro\/index.php?rest_route=\/wp\/v2\/types\/post"}],"author":[{"embeddable":true,"href":"https:\/\/infois.ro\/index.php?rest_route=\/wp\/v2\/users\/2"}],"replies":[{"embeddable":true,"href":"https:\/\/infois.ro\/index.php?rest_route=%2Fwp%2Fv2%2Fcomments&post=11030"}],"version-history":[{"count":1,"href":"https:\/\/infois.ro\/index.php?rest_route=\/wp\/v2\/posts\/11030\/revisions"}],"predecessor-version":[{"id":11032,"href":"https:\/\/infois.ro\/index.php?rest_route=\/wp\/v2\/posts\/11030\/revisions\/11032"}],"wp:featuredmedia":[{"embeddable":true,"href":"https:\/\/infois.ro\/index.php?rest_route=\/wp\/v2\/media\/11031"}],"wp:attachment":[{"href":"https:\/\/infois.ro\/index.php?rest_route=%2Fwp%2Fv2%2Fmedia&parent=11030"}],"wp:term":[{"taxonomy":"category","embeddable":true,"href":"https:\/\/infois.ro\/index.php?rest_route=%2Fwp%2Fv2%2Fcategories&post=11030"},{"taxonomy":"post_tag","embeddable":true,"href":"https:\/\/infois.ro\/index.php?rest_route=%2Fwp%2Fv2%2Ftags&post=11030"}],"curies":[{"name":"wp","href":"https:\/\/api.w.org\/{rel}","templated":true}]}}