{"id":1127,"date":"2012-07-23T15:24:14","date_gmt":"2012-07-23T12:24:14","guid":{"rendered":"http:\/\/infois.ro\/?p=1127"},"modified":"2012-07-23T15:24:33","modified_gmt":"2012-07-23T12:24:33","slug":"seceta-face-ravagii-in-judetul-iasi","status":"publish","type":"post","link":"https:\/\/infois.ro\/?p=1127","title":{"rendered":"Seceta face ravagii \u00een jude\u0163ul Ia\u015fi"},"content":{"rendered":"<p style=\"text-align: justify;\"><a class=\"highslide\" onclick=\"return vz.expand(this)\" href=\"http:\/\/infois.ro\/wp-content\/uploads\/2012\/07\/seceta.jpg\"><img loading=\"lazy\" decoding=\"async\" class=\"alignnone size-large wp-image-1128\" title=\"seceta\" src=\"http:\/\/infois.ro\/wp-content\/uploads\/cache\/2012\/07\/seceta\/2794669878.jpg\" alt=\"\" width=\"500\" height=\"375\" \/><\/a><\/p>\n<p style=\"text-align: justify;\">Temperaturile deosebit de ridicate, \u00eenregistrate \u00een ultimele s\u0103pt\u0103m\u00e2ni, la care s-a ad\u0103ugat lipsa precipita\u0163iilor au afectat grav culturile agricole din jude\u0163ul Ia\u015fi. Potrivit reprezentan\u0163ilor Prefecturii, seceta a afectat grav 17 comune din jude\u0163, printre localit\u0103\u0163ile \u00een care situa\u0163ia este critic\u0103 num\u0103r\u00e2ndu-se Groze\u015fti, R\u0103duc\u0103neni, \u0162u\u0163ora, Holboca, Trife\u015fti, \u0162ibana, \u015echeia \u015fi Butea. \u201c\u00cen cadrul \u015fedin\u0163ei s\u0103pt\u0103m\u00e2nale a Comitetului Jude\u0163ean pentru Situa\u0163ii de Urgen\u0163\u0103, care a avut loc luni, 23 iulie, la sediul Institu\u0163iei Prefectului Jude\u0163ului Ia\u015fi, a fost prezentat un raport privind situa\u0163ia culturilor agricole afectate de secet\u0103. Potrivit documentului prezentat de reprezentan\u0163ii Direc\u0163iei Generale pentru Agricultur\u0103 \u015fi Dezvoltare Rural\u0103, seceta din aceast\u0103 var\u0103 a afectat 144.289 de hectare din jude\u0163ul Ia\u015fi, dintre care doar 28.661 de hectare sunt asigurate. Au fost afectate \u00eentr-un procent de sut\u0103 la sut\u0103 527 de hectare de rapi\u0163\u0103 \u015fi 672 de hectare de porumb. De asemenea, 60.000 de hectare de porumb, 26.000 de hectare de gr\u00e2u, 9.500 de hectare cu cartofi \u015fi 38.000 de hectare de nutre\u0163 au fost puternic afectate de secet\u0103\u201d, a declarat subprefectul Bogdan Ab\u0103la\u015fi. P\u00e2n\u0103 la sf\u00e2r\u015fitul acestei s\u0103pt\u0103m\u00e2ni, Prefectura jude\u0163ului Ia\u015fi urmeaz\u0103 s\u0103 \u00eenainteze Guvernului un raport privind suprafe\u0163ele de culture afectate de secet\u0103.<\/p>\n","protected":false},"excerpt":{"rendered":"<p>Temperaturile deosebit de ridicate, \u00eenregistrate \u00een ultimele s\u0103pt\u0103m\u00e2ni, la care s-a ad\u0103ugat lipsa precipita\u0163iilor au&#8230; <a class=\"meta-more\" href=\"https:\/\/infois.ro\/?p=1127\">more <span class=\"meta-nav\">&raquo;<\/span><\/a><\/p>\n","protected":false},"author":2,"featured_media":1128,"comment_status":"open","ping_status":"open","sticky":false,"template":"","format":"standard","meta":{"footnotes":""},"categories":[1],"tags":[74,40,446,558],"aioseo_notices":[],"_links":{"self":[{"href":"https:\/\/infois.ro\/index.php?rest_route=\/wp\/v2\/posts\/1127"}],"collection":[{"href":"https:\/\/infois.ro\/index.php?rest_route=\/wp\/v2\/posts"}],"about":[{"href":"https:\/\/infois.ro\/index.php?rest_route=\/wp\/v2\/types\/post"}],"author":[{"embeddable":true,"href":"https:\/\/infois.ro\/index.php?rest_route=\/wp\/v2\/users\/2"}],"replies":[{"embeddable":true,"href":"https:\/\/infois.ro\/index.php?rest_route=%2Fwp%2Fv2%2Fcomments&post=1127"}],"version-history":[{"count":2,"href":"https:\/\/infois.ro\/index.php?rest_route=\/wp\/v2\/posts\/1127\/revisions"}],"predecessor-version":[{"id":1130,"href":"https:\/\/infois.ro\/index.php?rest_route=\/wp\/v2\/posts\/1127\/revisions\/1130"}],"wp:featuredmedia":[{"embeddable":true,"href":"https:\/\/infois.ro\/index.php?rest_route=\/wp\/v2\/media\/1128"}],"wp:attachment":[{"href":"https:\/\/infois.ro\/index.php?rest_route=%2Fwp%2Fv2%2Fmedia&parent=1127"}],"wp:term":[{"taxonomy":"category","embeddable":true,"href":"https:\/\/infois.ro\/index.php?rest_route=%2Fwp%2Fv2%2Fcategories&post=1127"},{"taxonomy":"post_tag","embeddable":true,"href":"https:\/\/infois.ro\/index.php?rest_route=%2Fwp%2Fv2%2Ftags&post=1127"}],"curies":[{"name":"wp","href":"https:\/\/api.w.org\/{rel}","templated":true}]}}