{"id":11300,"date":"2014-05-20T19:37:04","date_gmt":"2014-05-20T16:37:04","guid":{"rendered":"http:\/\/infois.ro\/?p=11300"},"modified":"2014-05-20T19:37:04","modified_gmt":"2014-05-20T16:37:04","slug":"primarul-a-gasit-vinovatul-pentru-isteria-cu-taiatul-arborilor-din-parcul-expozitiei","status":"publish","type":"post","link":"https:\/\/infois.ro\/?p=11300","title":{"rendered":"Primarul a g\u0103sit vinovatul pentru \u201disteria\u201d cu t\u0103iatul arborilor din Parcul Expozi\u021biei"},"content":{"rendered":"<p style=\"text-align: justify;\"><a class=\"highslide\" onclick=\"return vz.expand(this)\" href=\"http:\/\/infois.ro\/wp-content\/uploads\/2014\/05\/copac-copou.jpg\"><img loading=\"lazy\" decoding=\"async\" class=\"alignleft size-large wp-image-11301\" title=\"copac copou\" src=\"http:\/\/infois.ro\/wp-content\/uploads\/cache\/2014\/05\/copac-copou\/3780410665.jpg\" alt=\"\" width=\"640\" height=\"478\" \/><\/a><\/p>\n<p style=\"text-align: justify;\">Primarul Gheorghe Nichita recunoa\u0219te c\u0103 principala vin\u0103 pentru \u201disteria\u201d produs\u0103 \u00een leg\u0103tur\u0103 cu posibila t\u0103iere a arborilor din Parcul Expozi\u021biei revine conducerii Direc\u021biei de Servicii Publice Municipale (DSPM), care nu a \u0219tiut s\u0103 gestioneze corect problema. \u201dSunt nemul\u021bumit de doamna Lumini\u021ba S\u0103lceanu (directorul DSPM \u2013 n.r.) pentru modul \u00een care a comunicat acest subiect, f\u0103r\u0103 a avea atribu\u021bii sau un mandat \u00een acest sens. De aceea, dac\u0103 \u00een urma analizei pe care o voi efectua se va dovedi c\u0103 ea a gre\u0219it, risc\u0103 s\u0103-\u0219i piard\u0103 func\u021bia de director al acestei societ\u0103\u021bi. I-am spus treaba asta cu subiect \u0219i predicat, r\u0103spicat, \u0219i \u00een continuare urmeaz\u0103 s\u0103 analiz\u0103m situa\u021bia. Eroarea de comunicare a domniei sale a creat \u00een clipa de fa\u021b\u0103 isteria cu copacii\u201d, a precizat edilul. \u201dToat\u0103 lumea spune c\u0103 Ia\u0219iul arat\u0103 foarte bine, cu spa\u021bii verzi \u00eengrijite, cu mii de flori plantate, iar \u00een acest context nu trebuie s\u0103 uit\u0103m c\u0103 Ia\u0219iul a c\u00e2\u0219tigat de mai multe ori competi\u021bia na\u021bional\u0103 organizat\u0103 de Ministerul Mediului, intitulat\u0103 \u201eMilioane de oameni, milioane de copaci\u201d. Nu pot, \u00eens\u0103, s\u0103 ignor gre\u0219elile de comunicare a celor de la Direc\u021bia de Servicii Publice Municipale pe o serie de teme care privesc toaletarea \u0219i fasonarea arborilor din municipiu. \u0218tiu c\u0103 ne afl\u0103m \u00een campanie electoral\u0103. Mai \u0219tiu foarte bine c\u0103 acest subiect este preluat \u0219i folosit de c\u0103tre adversarii mei politici, nu de acum ci din 2012. Nu discut despre ei. Sunt adversari politici \u0219i \u00ee\u0219i fac treaba lor: trebuie s\u0103-l ataca pe Nichita \u0219i PSD-ul. Nu asta e treaba mea. Treaba mea, \u00een schimb, \u021bine de curtea mea, respectiv de curtea Prim\u0103riei. Iar aceasta este una simpl\u0103 \u0219i clar\u0103: nu se taie niciun arbore din parcurile din Ia\u0219i f\u0103r\u0103 ca acesta s\u0103 fie analizat. Mai mult, pentru a nu pune la \u00eendoial\u0103 buna credin\u021b\u0103 a Prim\u0103riei, am dispus celor de la DSPM s\u0103 ia leg\u0103tura cu speciali\u0219tii \u00een domeniu, respectiv s\u0103 fac\u0103 adrese oficiale c\u0103tre Academia Rom\u00e2n\u0103, Gr\u0103dina Botanic\u0103, Facultatea de Horticultur\u0103 din cadrul Universit\u0103\u021bii Agronomice \u0219i c\u0103tre Institutul de Cercet\u0103ri Silvice, pentru ca aceste institu\u021bii s\u0103 ne nominalizeze speciali\u0219ti care s\u0103 se al\u0103ture comisiei de profil a Prim\u0103riei \u0219i care s\u0103 lucreze \u00eempreun\u0103, astfel \u00eenc\u00e2t s\u0103 lu\u0103m deciziile cele mai bune vis-a-vis de modul \u00een care \u00eentre\u021binem arborii din municipiul Ia\u0219i\u201d, a men\u021bionat Gheorghe Nichita. \u201dA\u0219tept ca aceste institu\u021bii s\u0103-\u0219i nominalizeze speciali\u0219tii, dup\u0103 care voi avea o discu\u021bie cu ei pentru a vedea dac\u0103 doresc s\u0103 fac\u0103 parte din comisia Prim\u0103riei, urm\u00e2nd ca apoi s\u0103 stabilim un mod de lucru, astfel \u00eenc\u00e2t atunci c\u00e2nd se ia o decizie \u00een privin\u021ba arborilor din municipiul Ia\u0219i, aceasta s\u0103 fie una argumentat\u0103 din punct de vedere al speciali\u0219tilor. S\u0103 sper\u0103m c\u0103 ace\u0219ti speciali\u0219ti vor fi mai credibili dec\u00e2t func\u021bionarii Prim\u0103riei \u00een ceea ce \u00eenseamn\u0103 decizia vis-a-vis de \u00eentre\u021binerea arborilor din ora\u0219. Iar dac\u0103 voi abserva c\u0103 lucrul acesta nu poate func\u021biona, s\u0103 \u0219ti\u021bi c\u0103 s-ar putea s\u0103 iau decizia, la un moment dat, s\u0103 externalizez acest serviciu printr-o licita\u021bie public\u0103\u201d, a mai spus edilul. \u0218eful municipalit\u0103\u021bii a precizat c\u0103 primul obiectiv al noii comisii \u00eel va reprezenta verificarea st\u0103rii monumentului natural \u201dPlopii f\u0103r\u0103 so\u021b\u201d, pentru a vedea ce m\u0103suri trebuie s\u0103 fie luate pentru salvarea acestuia.<\/p>\n","protected":false},"excerpt":{"rendered":"<p>Primarul Gheorghe Nichita recunoa\u0219te c\u0103 principala vin\u0103 pentru \u201disteria\u201d produs\u0103 \u00een leg\u0103tur\u0103 cu posibila t\u0103iere&#8230; <a class=\"meta-more\" href=\"https:\/\/infois.ro\/?p=11300\">more <span class=\"meta-nav\">&raquo;<\/span><\/a><\/p>\n","protected":false},"author":2,"featured_media":11301,"comment_status":"open","ping_status":"closed","sticky":false,"template":"","format":"standard","meta":{"footnotes":""},"categories":[1,41],"tags":[74,4145,4902,387,692,4901,40],"aioseo_notices":[],"_links":{"self":[{"href":"https:\/\/infois.ro\/index.php?rest_route=\/wp\/v2\/posts\/11300"}],"collection":[{"href":"https:\/\/infois.ro\/index.php?rest_route=\/wp\/v2\/posts"}],"about":[{"href":"https:\/\/infois.ro\/index.php?rest_route=\/wp\/v2\/types\/post"}],"author":[{"embeddable":true,"href":"https:\/\/infois.ro\/index.php?rest_route=\/wp\/v2\/users\/2"}],"replies":[{"embeddable":true,"href":"https:\/\/infois.ro\/index.php?rest_route=%2Fwp%2Fv2%2Fcomments&post=11300"}],"version-history":[{"count":1,"href":"https:\/\/infois.ro\/index.php?rest_route=\/wp\/v2\/posts\/11300\/revisions"}],"predecessor-version":[{"id":11302,"href":"https:\/\/infois.ro\/index.php?rest_route=\/wp\/v2\/posts\/11300\/revisions\/11302"}],"wp:featuredmedia":[{"embeddable":true,"href":"https:\/\/infois.ro\/index.php?rest_route=\/wp\/v2\/media\/11301"}],"wp:attachment":[{"href":"https:\/\/infois.ro\/index.php?rest_route=%2Fwp%2Fv2%2Fmedia&parent=11300"}],"wp:term":[{"taxonomy":"category","embeddable":true,"href":"https:\/\/infois.ro\/index.php?rest_route=%2Fwp%2Fv2%2Fcategories&post=11300"},{"taxonomy":"post_tag","embeddable":true,"href":"https:\/\/infois.ro\/index.php?rest_route=%2Fwp%2Fv2%2Ftags&post=11300"}],"curies":[{"name":"wp","href":"https:\/\/api.w.org\/{rel}","templated":true}]}}