{"id":11335,"date":"2014-05-22T20:09:33","date_gmt":"2014-05-22T17:09:33","guid":{"rendered":"http:\/\/infois.ro\/?p=11335"},"modified":"2014-05-22T20:09:57","modified_gmt":"2014-05-22T17:09:57","slug":"proiect-concurs-deschidem-portile-copilariei","status":"publish","type":"post","link":"https:\/\/infois.ro\/?p=11335","title":{"rendered":"Proiect-concurs \u201dDeschidem por\u021bile copil\u0103riei\u201d"},"content":{"rendered":"<p style=\"text-align: justify;\"><a class=\"highslide\" onclick=\"return vz.expand(this)\" href=\"http:\/\/infois.ro\/wp-content\/uploads\/2014\/05\/deschidem-portile-copilariei.jpg\"><img loading=\"lazy\" decoding=\"async\" class=\"alignleft  wp-image-11336\" title=\"deschidem portile copilariei\" src=\"http:\/\/infois.ro\/wp-content\/uploads\/cache\/2014\/05\/deschidem-portile-copilariei\/2360383749.jpg\" alt=\"\" width=\"410\" height=\"579\" \/><\/a><\/p>\n<p style=\"text-align: justify;\">Complexul de Servicii Comunitare \u201dBucium\u201d Ia\u015fi anun\u021b\u0103 organizarea \u00een perioada 26 mai \u2013 2 iunie a proiectului-concurs \u201dDeschidem por\u021bile copil\u0103riei\u201d. Proiectul, a c\u0103rui deschidere oficial\u0103 va avea loc luni, 26 mai, \u00eencep\u00e2nd cu ora 14.00, \u00een Sala de festivit\u0103\u021bi a Centrului de Servicii Comunitare (CSC) Bucium, din strada P\u0103un nr. 70, \u00a0are ca obiective, printre altelel dezvoltarea capacit\u0103\u0163ilor de comunicare \u015fi interrela\u0163ionare \u00eentre copii, dezvoltarea\u00a0 libert\u0103\u0163ii de\u00a0 expresie\u00a0 a copiilor, stimularea g\u00e2ndirii imagina\u0163iei\u00a0 \u015fi creativit\u0103\u0163ii, dezvoltarea spiritului de echip\u0103 \u015fi de competi\u0163ie, implementarea unor metode noi \u015fi atractive pentru stimularea copiilor, promovarea abilit\u0103\u0163ilor artistice prin limbajul universal al artei \u0219i dezvoltarea de parteneriate \u00eentre centre. \u201dScriitori precum Ion Creang\u0103, Barbu \u015etef\u0103nescu Delavrancea, Ionel Teodoreanu \u015fi Mihai Eminescu au evocat copil\u0103ria ca pe un t\u0103r\u00e2m al ging\u0103\u015fiei, al dragostei \u015fi al fericirii. Ziua Copilului este prilej de a s\u0103rb\u0103tori copil\u0103ria prin participarea \u00eempreun\u0103 a celor mici cu a celor\u00a0 mari la ac\u0163iuni \u015fi evenimente inedite, atractive prin care copiii sunt determina\u0163i s\u0103 fie mai apropia\u0163i, s\u0103 lege noi\u00a0 prietenii, s\u0103 colaboreze, s\u0103 sar\u0103 \u00een ajutorul celor care au nevoie de ei, s\u0103 fac\u0103 schimburi de experien\u0163\u0103, s\u0103 fac\u0103 cunoscute\u00a0 abilit\u0103\u0163ile prin care \u00ee\u015fi exprim\u0103 sensibilitatea, imagina\u0163ia \u015fi fantezia creativ\u0103. Pentru toate aceste motive, pentru decoperirea purit\u0103\u0163ii copil\u0103riei, a jocurilor \u015fi activit\u0103\u0163ilor din via\u0163a de zi cu zi, pentru a ne \u00eenmul\u0163i aminitrile \u015fi pritenii am realizat acest proiect educational \u2013 concurs. Vrem s\u0103 demonstr\u0103m c\u0103, trec\u00e2nd prin m\u00e2inile copiilor no\u015ftri, lucruri mici \u015fi\u00a0 ne\u00eensemnate pot prinde aripi, pot str\u0103luci \u015fi pot deveni adev\u0103rate diamante, pot transmite mesaje puternice, pentru ca arta, comunicarea, sunt primele coduri care pot deschide inimile oamenilor\u201d, a declarat Andreea Cecilia Corodescu, directorul CSC Bucium. \u00cen cadrul proiectului vor avea loc diverse activit\u0103\u021bi, printre care \u201dCarnavalul Verii\u201d, \u201dSportul aduce copiii \u00eempreun\u0103\u201d, \u201dCum se v\u0103d copiii cu ochii lor\u201d, \u201dJocul de \u0219ah \u2013 cel mai valoros sport al min\u021bii\u201d, \u201dCopilul \u2013 personaj literar\u201d. La sf\u00e2r\u015fitul fiecarei activit\u0103\u0163i va avea loc premierea grupului \u0163int\u0103, a copiilor care au impresionat prin tehnici artistice \u015fi sportive, a educatorilor \u015fi instructorilor socio-educativi care s-au implicat \u00een realizarea ac\u0163iunilor propuse. Potrivit organizatorilor, proiectul \u00ee\u0219i propune s\u0103 stimuleze interesul copiilor pentru literatur\u0103, art\u0103, sport, s\u0103 atrag\u0103 \u0219i s\u0103 implice copiii \u00een competi\u0163ii unde c\u00e2\u015ftig\u0103 cel mai bun, afirmarea copiilor cu aptitudini deosebite, valorificarea experien\u0163ei personalului educativ\u00a0 \u00een abordarea domeniilor propuse, editarea unei reviste cu impresii \u015fi aspecte de la activit\u0103\u0163ile propuse \u00een proiect.<\/p>\n","protected":false},"excerpt":{"rendered":"<p>Complexul de Servicii Comunitare \u201dBucium\u201d Ia\u015fi anun\u021b\u0103 organizarea \u00een perioada 26 mai \u2013 2 iunie&#8230; <a class=\"meta-more\" href=\"https:\/\/infois.ro\/?p=11335\">more <span class=\"meta-nav\">&raquo;<\/span><\/a><\/p>\n","protected":false},"author":2,"featured_media":11336,"comment_status":"open","ping_status":"closed","sticky":false,"template":"","format":"standard","meta":{"footnotes":""},"categories":[12],"tags":[4916,362,3112,4915],"aioseo_notices":[],"_links":{"self":[{"href":"https:\/\/infois.ro\/index.php?rest_route=\/wp\/v2\/posts\/11335"}],"collection":[{"href":"https:\/\/infois.ro\/index.php?rest_route=\/wp\/v2\/posts"}],"about":[{"href":"https:\/\/infois.ro\/index.php?rest_route=\/wp\/v2\/types\/post"}],"author":[{"embeddable":true,"href":"https:\/\/infois.ro\/index.php?rest_route=\/wp\/v2\/users\/2"}],"replies":[{"embeddable":true,"href":"https:\/\/infois.ro\/index.php?rest_route=%2Fwp%2Fv2%2Fcomments&post=11335"}],"version-history":[{"count":2,"href":"https:\/\/infois.ro\/index.php?rest_route=\/wp\/v2\/posts\/11335\/revisions"}],"predecessor-version":[{"id":11338,"href":"https:\/\/infois.ro\/index.php?rest_route=\/wp\/v2\/posts\/11335\/revisions\/11338"}],"wp:featuredmedia":[{"embeddable":true,"href":"https:\/\/infois.ro\/index.php?rest_route=\/wp\/v2\/media\/11336"}],"wp:attachment":[{"href":"https:\/\/infois.ro\/index.php?rest_route=%2Fwp%2Fv2%2Fmedia&parent=11335"}],"wp:term":[{"taxonomy":"category","embeddable":true,"href":"https:\/\/infois.ro\/index.php?rest_route=%2Fwp%2Fv2%2Fcategories&post=11335"},{"taxonomy":"post_tag","embeddable":true,"href":"https:\/\/infois.ro\/index.php?rest_route=%2Fwp%2Fv2%2Ftags&post=11335"}],"curies":[{"name":"wp","href":"https:\/\/api.w.org\/{rel}","templated":true}]}}