{"id":11372,"date":"2014-05-24T21:03:13","date_gmt":"2014-05-24T18:03:13","guid":{"rendered":"http:\/\/infois.ro\/?p=11372"},"modified":"2014-05-24T21:03:13","modified_gmt":"2014-05-24T18:03:13","slug":"sistem-nou-de-alimentare-cu-apa-si-canalizare-in-comuna-scheia","status":"publish","type":"post","link":"https:\/\/infois.ro\/?p=11372","title":{"rendered":"Sistem nou de alimentare cu ap\u0103 \u0219i canalizare \u00een comuna \u0218cheia"},"content":{"rendered":"<p style=\"text-align: justify;\"><a class=\"highslide\" onclick=\"return vz.expand(this)\" href=\"http:\/\/infois.ro\/wp-content\/uploads\/2014\/05\/scheia.jpg\"><img loading=\"lazy\" decoding=\"async\" class=\"alignleft size-large wp-image-11373\" title=\"scheia\" src=\"http:\/\/infois.ro\/wp-content\/uploads\/cache\/2014\/05\/scheia\/2449132960.jpg\" alt=\"\" width=\"640\" height=\"331\" \/><\/a><\/p>\n<p style=\"text-align: justify;\">Pre\u015fedintele Consiliului Jude\u0163ean (CJ) Ia\u015fi, Cristian Adomni\u021bei, a efectuat vineri, 23 mai, o vizit\u0103 de lucru \u00een comuna \u015echeia. \u00censo\u021bit de Ion Toma \u0219i Mihai Doru\u0219, directorul general, respectiv directorul tehnic al SC ApaVital SA, precum \u0219i de Daniel Minciun\u0103, directorul executiv al Direc\u0163iei Jude\u0163ene de Administrare a Drumurilor \u015fi Podurilor (DJADP). \u0219eful administra\u021biei jude\u021bene a avut o \u00eentrevedere cu primarul localit\u0103\u021bii, Titi Iacob, cu membrii Consiliului Local \u015echeia \u015fi al\u0163i locuitori ai comunei. Principalele subiecte de discu\u0163ie au vizat alimentarea cu ap\u0103 \u015fi drumurile jude\u0163ene. \u201dP\u00e2n\u0103 acum, comuna \u015echeia nu a beneficiat de niciun sprijin din partea administra\u0163iei jude\u0163ene. Am vrut s\u0103 discut personal cu cei care conduc aceast\u0103 comun\u0103, dar \u015fi cu simpli cet\u0103\u0163eni, \u015fi s\u0103 le prezint principalele lucr\u0103ri care vor fi efectuate de c\u0103tre Consiliul Jude\u0163ean \u00een viitorul apropiat. Dup\u0103 o scurt\u0103 prezentare a Masterplanului de dezvoltare a sistemului de ap\u0103 \u015fi canalizare \u015fi a Masterplanului drumurilor jude\u0163ene \u015fi comunale, am discutat ce vom face concret pentru comuna \u015echeia. Astfel, dup\u0103 aprobarea fondurilor pentru Masterplanul II al ApaVital, care cuprinde comunele din jude\u0163ul Ia\u015fi \u015fi care va fi finan\u0163at prin intermediul Programului Opera\u0163ional Sectorial &#8211; Mediu, vom construi o magistral\u0103 pe traseul Ia\u015fi \u2013 Ciurea \u2013 Grajduri &#8211; Sc\u00e2nteia, iar din Sc\u00e2nteia vom alimenta \u015fi comuna \u015echeia. Cealalt\u0103 mare problem\u0103 a comunei o reprezint\u0103 drumul care porne\u015fte din DJ248 Ia\u015fi \u2013 Vaslui \u015fi continu\u0103 prin \u015echeia, Dr\u0103gu\u015feni \u015fi Ipatele. Dup\u0103 ce vom primi finan\u0163area european\u0103 pentru Aeroport, veste care sper s\u0103 vin\u0103 din zi \u00een zi, vom putea, cu banii cheltui\u0163i p\u00e2n\u0103 acum \u015fi care ne vor fi practic deconta\u0163i, s\u0103 realiz\u0103m acest drum \u015fi s\u0103 rezolv\u0103m o problem\u0103 nu numai pentru cei din \u015echeia\u201d, a declarat, la finalul vizitei, pre\u0219edintele CJ Ia\u0219i, Cristian Adomni\u021bei.<\/p>\n","protected":false},"excerpt":{"rendered":"<p>Pre\u015fedintele Consiliului Jude\u0163ean (CJ) Ia\u015fi, Cristian Adomni\u021bei, a efectuat vineri, 23 mai, o vizit\u0103 de&#8230; <a class=\"meta-more\" href=\"https:\/\/infois.ro\/?p=11372\">more <span class=\"meta-nav\">&raquo;<\/span><\/a><\/p>\n","protected":false},"author":2,"featured_media":11373,"comment_status":"open","ping_status":"closed","sticky":false,"template":"","format":"standard","meta":{"footnotes":""},"categories":[1],"tags":[4698,1420,374,395,3112,4932],"aioseo_notices":[],"_links":{"self":[{"href":"https:\/\/infois.ro\/index.php?rest_route=\/wp\/v2\/posts\/11372"}],"collection":[{"href":"https:\/\/infois.ro\/index.php?rest_route=\/wp\/v2\/posts"}],"about":[{"href":"https:\/\/infois.ro\/index.php?rest_route=\/wp\/v2\/types\/post"}],"author":[{"embeddable":true,"href":"https:\/\/infois.ro\/index.php?rest_route=\/wp\/v2\/users\/2"}],"replies":[{"embeddable":true,"href":"https:\/\/infois.ro\/index.php?rest_route=%2Fwp%2Fv2%2Fcomments&post=11372"}],"version-history":[{"count":2,"href":"https:\/\/infois.ro\/index.php?rest_route=\/wp\/v2\/posts\/11372\/revisions"}],"predecessor-version":[{"id":11375,"href":"https:\/\/infois.ro\/index.php?rest_route=\/wp\/v2\/posts\/11372\/revisions\/11375"}],"wp:featuredmedia":[{"embeddable":true,"href":"https:\/\/infois.ro\/index.php?rest_route=\/wp\/v2\/media\/11373"}],"wp:attachment":[{"href":"https:\/\/infois.ro\/index.php?rest_route=%2Fwp%2Fv2%2Fmedia&parent=11372"}],"wp:term":[{"taxonomy":"category","embeddable":true,"href":"https:\/\/infois.ro\/index.php?rest_route=%2Fwp%2Fv2%2Fcategories&post=11372"},{"taxonomy":"post_tag","embeddable":true,"href":"https:\/\/infois.ro\/index.php?rest_route=%2Fwp%2Fv2%2Ftags&post=11372"}],"curies":[{"name":"wp","href":"https:\/\/api.w.org\/{rel}","templated":true}]}}