{"id":11400,"date":"2014-05-26T17:48:28","date_gmt":"2014-05-26T14:48:28","guid":{"rendered":"http:\/\/infois.ro\/?p=11400"},"modified":"2014-05-26T17:48:28","modified_gmt":"2014-05-26T14:48:28","slug":"fonduri-europene-pentru-reabilitarea-a-trei-centre-de-plasament","status":"publish","type":"post","link":"https:\/\/infois.ro\/?p=11400","title":{"rendered":"Fonduri europene pentru reabilitarea a trei centre de plasament"},"content":{"rendered":"<p style=\"text-align: justify;\"><a class=\"highslide\" onclick=\"return vz.expand(this)\" href=\"http:\/\/infois.ro\/wp-content\/uploads\/2014\/05\/centrul-sf.-stelian.jpg\"><img loading=\"lazy\" decoding=\"async\" class=\"alignleft size-large wp-image-11401\" title=\"centrul sf. stelian\" src=\"http:\/\/infois.ro\/wp-content\/uploads\/cache\/2014\/05\/centrul-sf_-stelian\/2960159903.jpg\" alt=\"\" width=\"640\" height=\"512\" \/><\/a><\/p>\n<p style=\"text-align: justify;\">Consiliul Jude\u0163ean (CJ) Ia\u015fi va reabilita cu ajutorul fondurilor europene Centrul de Servicii Comunitare Bucium, Centrul de Plasament \u201dSf\u00e2ntul Stelian\u201d din Pa\u015fcani \u015fi Centrul de Plasament \u201dSf\u00e2ntul Spiridon\u201d din T\u00e2rgu Frumos. Valoarea proiectelor este estimat\u0103 la un total de aproximativ opt milioane de euro. Anun\u0163ul a fost f\u0103cut de c\u0103tre pre\u0219edintele CJ Ia\u0219i, Cristian Adomni\u021bei. \u201dSuntem preg\u0103ti\u0163i s\u0103 ob\u0163inem fonduri europene pentru reabilitarea \u015fi modernizarea celor trei centre de plasament. Proiectele sunt scrise, iar pentru dou\u0103 dintre acestea Consiliul Jude\u0163ean aprob\u00e2nd deja \u015fi indicatorii tehnico-economici. Ca \u015fi \u00een cazul a multe proiecte ale institu\u0163iilor din subordinea Consiliului Jude\u0163ean, a\u015ftept\u0103m s\u0103 se deschid\u0103 liniile de finan\u0163are pentru urm\u0103torul exerci\u0163iu financiar al Uniunii Europene pentru a putea depune cererile de finan\u0163are\u201d, a declarat Adomni\u021bei. Centrul de Servicii Comunitare Bucium este ini\u0163iatorul \u015fi gazda principal\u0103 a evenimentelor incluse \u00een cadrul Proiectului-concurs \u201eDeschidem por\u0163ile copil\u0103riei\u201d. Seria manifest\u0103rilor va avea loc \u00een perioada 26 mai \u2013 2 iunie, \u00een fiecare din cele patru centre de servicii comunitare \u015fi de plasament din Municipiul Ia\u015fi: Bucium, C.A. Rosetti, Ion Holban \u015fi Veniamin Costache, fiind organizat\u0103 cu ocazia S\u0103pt\u0103m\u00e2nii copil\u0103riei. Organizatorii \u015fi coordonatorii proiectului sunt Andreea Cecilia Corodescu, \u0219eful Centrului Complexului de Servicii Comunitare (CSC) Bucium, \u015fi Sorina Topi\u021b\u0103, educator \u00een cadrul Centrului de Excelen\u0163\u0103 Bucium, ambele institu\u0163ii fiind \u00een cadrul Direc\u0163iei Generale de Asisten\u0163\u0103 Social\u0103 \u015fi Protec\u0163ia Copilului Ia\u015fi.<\/p>\n","protected":false},"excerpt":{"rendered":"<p>Consiliul Jude\u0163ean (CJ) Ia\u015fi va reabilita cu ajutorul fondurilor europene Centrul de Servicii Comunitare Bucium,&#8230; <a class=\"meta-more\" href=\"https:\/\/infois.ro\/?p=11400\">more <span class=\"meta-nav\">&raquo;<\/span><\/a><\/p>\n","protected":false},"author":2,"featured_media":11401,"comment_status":"open","ping_status":"closed","sticky":false,"template":"","format":"standard","meta":{"footnotes":""},"categories":[1],"tags":[3783,374,395,40,2700,318],"aioseo_notices":[],"_links":{"self":[{"href":"https:\/\/infois.ro\/index.php?rest_route=\/wp\/v2\/posts\/11400"}],"collection":[{"href":"https:\/\/infois.ro\/index.php?rest_route=\/wp\/v2\/posts"}],"about":[{"href":"https:\/\/infois.ro\/index.php?rest_route=\/wp\/v2\/types\/post"}],"author":[{"embeddable":true,"href":"https:\/\/infois.ro\/index.php?rest_route=\/wp\/v2\/users\/2"}],"replies":[{"embeddable":true,"href":"https:\/\/infois.ro\/index.php?rest_route=%2Fwp%2Fv2%2Fcomments&post=11400"}],"version-history":[{"count":1,"href":"https:\/\/infois.ro\/index.php?rest_route=\/wp\/v2\/posts\/11400\/revisions"}],"predecessor-version":[{"id":11402,"href":"https:\/\/infois.ro\/index.php?rest_route=\/wp\/v2\/posts\/11400\/revisions\/11402"}],"wp:featuredmedia":[{"embeddable":true,"href":"https:\/\/infois.ro\/index.php?rest_route=\/wp\/v2\/media\/11401"}],"wp:attachment":[{"href":"https:\/\/infois.ro\/index.php?rest_route=%2Fwp%2Fv2%2Fmedia&parent=11400"}],"wp:term":[{"taxonomy":"category","embeddable":true,"href":"https:\/\/infois.ro\/index.php?rest_route=%2Fwp%2Fv2%2Fcategories&post=11400"},{"taxonomy":"post_tag","embeddable":true,"href":"https:\/\/infois.ro\/index.php?rest_route=%2Fwp%2Fv2%2Ftags&post=11400"}],"curies":[{"name":"wp","href":"https:\/\/api.w.org\/{rel}","templated":true}]}}