{"id":11432,"date":"2014-05-27T17:30:12","date_gmt":"2014-05-27T14:30:12","guid":{"rendered":"http:\/\/infois.ro\/?p=11432"},"modified":"2014-05-27T17:30:12","modified_gmt":"2014-05-27T14:30:12","slug":"delegatie-ucraineana-in-vizita-la-consiliul-judetean-iasi","status":"publish","type":"post","link":"https:\/\/infois.ro\/?p=11432","title":{"rendered":"Delega\u021bie ucrainean\u0103, \u00een vizit\u0103 la Consiliul Jude\u021bean Ia\u0219i"},"content":{"rendered":"<p style=\"text-align: justify;\"><a class=\"highslide\" onclick=\"return vz.expand(this)\" href=\"http:\/\/infois.ro\/wp-content\/uploads\/2014\/05\/euroregiune.jpg\"><img loading=\"lazy\" decoding=\"async\" class=\"alignleft size-large wp-image-11433\" title=\"euroregiune\" src=\"http:\/\/infois.ro\/wp-content\/uploads\/cache\/2014\/05\/euroregiune\/3673111122.jpg\" alt=\"\" width=\"640\" height=\"427\" \/><\/a><\/p>\n<p style=\"text-align: justify;\">Pre\u0219edintele Consiliului Jude\u021bean (CJ) Ia\u0219i, Cristian Adomni\u021bei, se va \u00eent\u00e2lni miercuri, 28 mai, \u00een jurul orei 10.00, la sediul administra\u021biei jude\u021bene, cu membrii unei importante delega\u021bii din Ucraina, condus\u0103 de c\u0103tre Anatolii Ollinik, seful Administra\u021biei Regionale de Stat Vinnytsa. Din cadrul delega\u0163iei fac parte\u00a0Oleksandr Shypuk \u0219i Iuliia Kulakova, \u0219eful Departamentului Cooperare Interna\u021bional\u0103 \u00een cadrul Administra\u021bia Regional\u0103 de Stat Vinnytsa, respectiv specialistul-\u015fef \u00een cadrul aceluia\u015fi compartiment, \u015fefii Administra\u0163iilor Districtuale de Stat din Tomashpil, Vinnytsa, Yampil \u015fi Kalynivka, precum \u015fi Volodymyr Grabko, rectorul Universit\u0103\u021bii Na\u021bionale de Stat Vinnytsa.\u00a0 Pe parcursul zilei, delega\u0163ia din Ucraina va avea \u00eent\u00e2lniri cu reprezentan\u0163i ai conducerii Consiliului Jude\u0163ean Ia\u015fi, Direc\u0163iei Proiecte \u015fi Dezvoltare Durabil\u0103 din cadrul Consiliului Jude\u0163ean Ia\u015fi, Biroului Regional pentru Cooperare Transfrontalier\u0103 Ia\u015fi, Camerei Agricole Jude\u0163ene, Asocia\u0163iei Euroregiunea Siret \u2013 Prut \u2013 Nistru, asocia\u0163iilor produc\u0103torilor de fructe \u015fi cresc\u0103torilor de animale din Jude\u0163ul Ia\u015fi etc. Programul include \u015fi vizitarea unor importante obiective de infrastructur\u0103 (sta\u021bia de tratare a apei potabile Chiri\u021ba, Aeroportul Interna\u021bional Ia\u0219i) \u015fi o deplasare \u00een comuna Trife\u015fti (vizitarea unor obiective realizate prin proiecte \u00een domeniile de interes indicate de partea ucrainean\u0103 &#8211; ferme vaci de lapte, livezi).<\/p>\n","protected":false},"excerpt":{"rendered":"<p>Pre\u0219edintele Consiliului Jude\u021bean (CJ) Ia\u0219i, Cristian Adomni\u021bei, se va \u00eent\u00e2lni miercuri, 28 mai, \u00een jurul&#8230; <a class=\"meta-more\" href=\"https:\/\/infois.ro\/?p=11432\">more <span class=\"meta-nav\">&raquo;<\/span><\/a><\/p>\n","protected":false},"author":2,"featured_media":11433,"comment_status":"open","ping_status":"closed","sticky":false,"template":"","format":"standard","meta":{"footnotes":""},"categories":[1],"tags":[374,4955,4956,4957,1437],"aioseo_notices":[],"_links":{"self":[{"href":"https:\/\/infois.ro\/index.php?rest_route=\/wp\/v2\/posts\/11432"}],"collection":[{"href":"https:\/\/infois.ro\/index.php?rest_route=\/wp\/v2\/posts"}],"about":[{"href":"https:\/\/infois.ro\/index.php?rest_route=\/wp\/v2\/types\/post"}],"author":[{"embeddable":true,"href":"https:\/\/infois.ro\/index.php?rest_route=\/wp\/v2\/users\/2"}],"replies":[{"embeddable":true,"href":"https:\/\/infois.ro\/index.php?rest_route=%2Fwp%2Fv2%2Fcomments&post=11432"}],"version-history":[{"count":1,"href":"https:\/\/infois.ro\/index.php?rest_route=\/wp\/v2\/posts\/11432\/revisions"}],"predecessor-version":[{"id":11434,"href":"https:\/\/infois.ro\/index.php?rest_route=\/wp\/v2\/posts\/11432\/revisions\/11434"}],"wp:featuredmedia":[{"embeddable":true,"href":"https:\/\/infois.ro\/index.php?rest_route=\/wp\/v2\/media\/11433"}],"wp:attachment":[{"href":"https:\/\/infois.ro\/index.php?rest_route=%2Fwp%2Fv2%2Fmedia&parent=11432"}],"wp:term":[{"taxonomy":"category","embeddable":true,"href":"https:\/\/infois.ro\/index.php?rest_route=%2Fwp%2Fv2%2Fcategories&post=11432"},{"taxonomy":"post_tag","embeddable":true,"href":"https:\/\/infois.ro\/index.php?rest_route=%2Fwp%2Fv2%2Ftags&post=11432"}],"curies":[{"name":"wp","href":"https:\/\/api.w.org\/{rel}","templated":true}]}}