{"id":11489,"date":"2014-05-28T20:04:21","date_gmt":"2014-05-28T17:04:21","guid":{"rendered":"http:\/\/infois.ro\/?p=11489"},"modified":"2014-05-28T20:04:21","modified_gmt":"2014-05-28T17:04:21","slug":"iasul-a-fost-gazda-unei-importante-delegatii-ucrainene","status":"publish","type":"post","link":"https:\/\/infois.ro\/?p=11489","title":{"rendered":"Ia\u015ful a fost gazda unei importante delega\u0163ii ucrainene"},"content":{"rendered":"<p style=\"text-align: justify;\"><a class=\"highslide\" onclick=\"return vz.expand(this)\" href=\"http:\/\/infois.ro\/wp-content\/uploads\/2014\/05\/iasi-vinitsa.jpg\"><img loading=\"lazy\" decoding=\"async\" class=\"alignleft size-large wp-image-11490\" title=\"iasi vinitsa\" src=\"http:\/\/infois.ro\/wp-content\/uploads\/cache\/2014\/05\/iasi-vinitsa\/2718884516.jpg\" alt=\"\" width=\"640\" height=\"427\" \/><\/a><\/p>\n<p style=\"text-align: justify;\">O important\u0103 delega\u0163ie din Ucraina a vizitat ast\u0103zi Ia\u015ful. Prima oprire a fost la Consiliul Jude\u0163ean Ia\u015fi, loc \u00een care membrii acesteia au fost primi\u0163i de conducerea institu\u0163iei. \u201e<em>Ast\u0103zi, la Ia\u015fi, am avut bucuria de a fi gazde unei importante delega\u0163ii din regiunea ucrainean\u0103 Vinnitsa. Este regiunea care se afl\u0103 la Nordul Republicii Moldova \u015fi este cea mai apropiat\u0103 de Ia\u015fi. Este o regiune cu care Jude\u0163ul nostru are rela\u0163ii de colaborare \u00eenc\u0103 din martie 1999. Delega\u0163ia ucrainean\u0103 a fost condus\u0103 de c\u0103tre dl. Anatolii Oliinyk, \u0219<\/em><em>eful Administra\u021biei Regionale de Stat <\/em><em>Vinnitsa<\/em><em>. <\/em><em>Obiectivele principale ale \u00eent\u00e2lnirilor de ast\u0103zi au fost modalit\u0103\u0163ile de preg\u0103tire a administra\u0163iilor centrale \u015fi locale din Ucraina pentru aderarea la Uniunea European\u0103 \u015fi pentru atragerea de fonduri europene inclusiv p\u00e2n\u0103 la acel moment<\/em>\u201d, a declarat Cristian Adomni\u021bei.<\/p>\n<p style=\"text-align: justify;\">\u015eeful delega\u0163iei ucrainene a mul\u0163umit pentru invita\u0163ia Consiliului Jude\u0163ean Ia\u015fi \u015fi \u015fi-a exprimat speran\u0163a ca \u00een viitorul apropiat Ucraina s\u0103 fac\u0103 parte din Uniunea European\u0103. \u201e<em>\u00cei mul\u0163umesc dlui pre\u015fedinte Adomni\u021bei, o persoan\u0103 binevenit\u0103 \u015fi binecunoscut\u0103 \u00een Regiunea Vinnitsa, pentru invita\u0163ia pe care ne-a adresat-o. Jude\u0163ul Ia\u015fi este un exemplu \u00een implementarea proiectelor europene \u015fi credem c\u0103 avem ce \u00eenv\u0103\u0163a de la dumneavoastr\u0103. Toat\u0103 experien\u0163a pe care o are Rom\u00e2nia \u00een procesul de integrare european\u0103 este foarte important\u0103 pentru Ucraina. Regiunea Vinnitsa este o regiune pro-european\u0103 \u015fi ne intereseaz\u0103 pa\u015fii pe care i-a\u0163i f\u0103cut dumneavoastr\u0103 \u00een procesul de aderare la structurile europene. \u00cent\u00e2lniri precum cea de ast\u0103zi reprezint\u0103 pa\u015fi importan\u0163i \u00een procesul de aderare la Uniunea European\u0103 pe care \u00eei fac administra\u0163iile locale din regiunea noastr\u0103. Cet\u0103\u0163enii Ucrainei doresc s\u0103 tr\u0103iasc\u0103 \u00een democra\u0163ie, la standarde europene<\/em>\u201d, a afirmat Anatolii Oliinyk.<\/p>\n<p style=\"text-align: justify;\">Din cadrul delega\u0163iei au mai f\u0103cut parte Oleksandr Shypuk \u015fi Iuliia Kulakova, \u0218eful Departamentului Cooperare Interna\u021bional\u0103 \u00een cadrul Administra\u021bia Regional\u0103 de Stat Vinnitsa, respectiv specialistul-\u015fef \u00een cadrul aceluia\u015fi compartiment, \u015fefii Administra\u0163iilor Districtuale de Stat din Tomashpil, Vinnitsa, Yampil \u015fi Kalynivka, Volodymyr Grabko, rectorul Universit\u0103\u021bii Na\u021bionale de Stat Vinnitsa, \u015fi Volodymyr Chernikov, reprezentant mass-media.<\/p>\n<p style=\"text-align: justify;\">Delega\u0163ia din Ucraina a mai avut discu\u0163ii privind proiectele implementate prin intermediul fondurilor europene cu reprezentan\u0163i ai Agen\u0163iei pentru Dezvoltare Regional\u0103 Nord-Est, Biroului Regional pentru Cooperare Transfrontalier\u0103 Ia\u015fi, Camerei Agricole Jude\u0163ene, Asocia\u0163iei Euroregiunea Siret \u2013 Prut \u2013 Nistru, asocia\u0163iilor produc\u0103torilor de fructe \u015fi cresc\u0103torilor de animale din Jude\u0163ul Ia\u015fi etc. Programul a inclus \u015fi vizitarea unor importante obiective de infrastructur\u0103 (sta\u021bia de tratare a apei potabile Chiri\u021ba, Aeroportul Interna\u021bional Ia\u0219i) \u015fi o deplasare \u00een comuna Trife\u015fti (obiective realizate prin proiecte europene \u00een domeniile de interes indicate de partea ucrainean\u0103 &#8211; ferme vaci de lapte, livezi).<\/p>\n<p style=\"text-align: justify;\">\u00a0<strong>Scurt istoric<\/strong><\/p>\n<p style=\"text-align: justify;\" align=\"center\">\u00cen luna noiembrie a anului 2012, \u00a0Cristian Adomni\u021bei, \u00een calitate de pre\u0219edinte al Euroregiunii Siret &#8211; Prut &#8211; Nistru, \u0219i Serhii Tatusiak, pe atunci pre\u015fedintele Consiliului Regional Vinnitsa, \u00een calitate de pre\u015fedinte al Euroregiunii Dniester (Nistru), au semnat un acord de cooperare \u00eentre cele dou\u0103 Euroregiuni. Au urmat apoi o serie de vizite, at\u00e2t de la Ia\u015fi c\u0103tre Vinnitsa (Ziua Independen\u0163ei Ucrainei, Forumul Economic Republica Moldova \u2013 Ucraina \u2013 Rom\u00e2nia, Ziua Europei), c\u00e2t \u015fi de la Vinnitsa c\u0103tre Ia\u015fi (lansarea Transagropolis, Seminarul CIVEX \u015fi Forumul Economic Transfrontalier, Festivalul Interna\u0163ional de Literatur\u0103 \u015fi Traducere),<\/p>\n<p style=\"text-align: justify;\">\u00cen data de 5 septembrie 2013, la \u015fi prin Consiliul Jude\u0163ean, au fost semnate acele \u00een\u0163elegeri de cooperare dintre dintre patru comune din Jude\u021bul Ia\u0219i \u0219i \u0219apte localit\u0103\u021bi \u0219i ora\u0219e din regiunile ucrainene Vinnitsa \u0219i Dniepropetrovsk. La evenimentul de ast\u0103zi au fost prezen\u0163i \u015fi \u015fefii administra\u0163iilor din localit\u0103\u0163ile men\u0163ionate.<\/p>\n<p style=\"text-align: justify;\">\n<p style=\"text-align: justify;\"><strong>\u00cen\u021belegerile de cooperare semnate pe 5 septembrie 2013:<\/strong><\/p>\n<p style=\"text-align: justify;\">&#8211; Comuna B\u0103l\u021ba\u021bi cu localitatea Villa, raionul Tomashpol, regiunea Vinnitsa, \u0219i localitatea Chapaevsk, raionul Shyrokivski, regiunea Dnipropetrovsk;<\/p>\n<p style=\"text-align: justify;\">&#8211; Comuna Mironeasa cu localitatea Oleksandrivska, raionul Shyrokivski, regiunea Dnipropetrovsk, \u0219i localitatea Gnatkiv, raionul Tomashpol, regiunea Vinnitsa;<\/p>\n<p style=\"text-align: justify;\">&#8211; Comuna R\u0103duc\u0103neni cu localitatea Shyroke, raionul Shyrokivski, regiunea Dnipropetrovsk, \u0219i ora\u0219ul Tomashpol, raionul Tomashpol, regiunea Vinnitsa;<\/p>\n<p style=\"text-align: justify;\">&#8211; Comuna Comarna cu localitatea Lipovka, raionul Tomashpol, regiunea Vinnitsa.<\/p>\n<p style=\"text-align: justify;\">\n","protected":false},"excerpt":{"rendered":"<p>O important\u0103 delega\u0163ie din Ucraina a vizitat ast\u0103zi Ia\u015ful. Prima oprire a fost la Consiliul&#8230; <a class=\"meta-more\" href=\"https:\/\/infois.ro\/?p=11489\">more <span class=\"meta-nav\">&raquo;<\/span><\/a><\/p>\n","protected":false},"author":2,"featured_media":11490,"comment_status":"open","ping_status":"closed","sticky":false,"template":"","format":"standard","meta":{"footnotes":""},"categories":[1],"tags":[],"aioseo_notices":[],"_links":{"self":[{"href":"https:\/\/infois.ro\/index.php?rest_route=\/wp\/v2\/posts\/11489"}],"collection":[{"href":"https:\/\/infois.ro\/index.php?rest_route=\/wp\/v2\/posts"}],"about":[{"href":"https:\/\/infois.ro\/index.php?rest_route=\/wp\/v2\/types\/post"}],"author":[{"embeddable":true,"href":"https:\/\/infois.ro\/index.php?rest_route=\/wp\/v2\/users\/2"}],"replies":[{"embeddable":true,"href":"https:\/\/infois.ro\/index.php?rest_route=%2Fwp%2Fv2%2Fcomments&post=11489"}],"version-history":[{"count":1,"href":"https:\/\/infois.ro\/index.php?rest_route=\/wp\/v2\/posts\/11489\/revisions"}],"predecessor-version":[{"id":11491,"href":"https:\/\/infois.ro\/index.php?rest_route=\/wp\/v2\/posts\/11489\/revisions\/11491"}],"wp:featuredmedia":[{"embeddable":true,"href":"https:\/\/infois.ro\/index.php?rest_route=\/wp\/v2\/media\/11490"}],"wp:attachment":[{"href":"https:\/\/infois.ro\/index.php?rest_route=%2Fwp%2Fv2%2Fmedia&parent=11489"}],"wp:term":[{"taxonomy":"category","embeddable":true,"href":"https:\/\/infois.ro\/index.php?rest_route=%2Fwp%2Fv2%2Fcategories&post=11489"},{"taxonomy":"post_tag","embeddable":true,"href":"https:\/\/infois.ro\/index.php?rest_route=%2Fwp%2Fv2%2Ftags&post=11489"}],"curies":[{"name":"wp","href":"https:\/\/api.w.org\/{rel}","templated":true}]}}