{"id":11501,"date":"2014-05-29T12:47:51","date_gmt":"2014-05-29T09:47:51","guid":{"rendered":"http:\/\/infois.ro\/?p=11501"},"modified":"2014-05-29T12:47:51","modified_gmt":"2014-05-29T09:47:51","slug":"a-fost-aprobata-finantarea-modernizarii-aeroportului-international-iasi","status":"publish","type":"post","link":"https:\/\/infois.ro\/?p=11501","title":{"rendered":"A fost aprobat\u0103 finan\u021barea moderniz\u0103rii Aeroportului Interna\u021bional Ia\u0219i"},"content":{"rendered":"<p style=\"text-align: justify;\"><a class=\"highslide\" onclick=\"return vz.expand(this)\" href=\"http:\/\/infois.ro\/wp-content\/uploads\/2014\/05\/lucrari-Aeroport-Iasi.jpg\"><img loading=\"lazy\" decoding=\"async\" class=\"alignleft size-large wp-image-11502\" title=\"lucrari Aeroport Iasi\" src=\"http:\/\/infois.ro\/wp-content\/uploads\/cache\/2014\/05\/lucrari-Aeroport-Iasi\/2107452742.jpg\" alt=\"\" width=\"600\" height=\"400\" \/><\/a><\/p>\n<p style=\"text-align: justify;\">La mai pu\u0163in de 24 de ore dup\u0103 ce a fost transmis\u0103 de Autoritatea de Management pentru Programul Opera\u0163ional Sectorial \u2013 Transport la Bruxelles, Comisia European\u0103 a comunicat admisibilitatea cererii de finan\u0163are depuse pentru dezvoltarea \u015fi modernizarea Aeroportului Interna\u0163ional Ia\u015fi. Proiectul \u00een valoare de 56,7 milioane de euro a fost aprobat, finan\u0163area pentru acest obiectiv fiind sigur\u0103. \u201dAst\u0103zi (joi, 29 mai \u2013 n.r.) este cea mai important\u0103 zi pentru jude\u0163ul Ia\u015fi \u015fi una dintre cele mai fericite zile din via\u0163a mea. Munca noastr\u0103 din ultimii doi ani a dat roade, iar speran\u0163ele s-au transformat \u00een certitudini. Din acest moment pot fi trimise spre decontare sumele cheltuite de c\u0103tre Consiliul Jude\u0163ean pentru realizarea noii piste. Prin aceast\u0103 finan\u0163are european\u0103, jude\u0163ul Ia\u015fi \u00ee\u015fi recupereaz\u0103 banii aloca\u0163i pentru Aeroportul Interna\u0163ional Ia\u015fi, put\u00e2ndu-i folosi pentru alte obiective majore de investi\u0163ii. Aprobarea cererii noastre de finan\u0163are nu \u00eenseamn\u0103 beneficii doar pentru jude\u0163ul Ia\u015fi, ci pentru \u00eentreaga Regiune de Nord-Est. Este pasul care va duce la atragerea de investitori, crearea de noi locuri de munc\u0103 \u015fi cre\u015fterea bun\u0103st\u0103rii \u00eentregii comunit\u0103\u0163i. Sper ca prin realizarea acestui proiect \u015fi a schimb\u0103rilor benefice care se vor \u00eent\u00e2mpla \u00een via\u0163a noastr\u0103 s\u0103 renasc\u0103 speran\u021ba \u0219i \u00eencrederea. Felicit echipa de la Consiliul Jude\u0163ean \u015fi de la Aeroport pentru eforturile depuse \u00een ultimele luni, pentru modul \u00een care au g\u00e2ndit \u015fi negociat acest proiect!\u201d, a declarat pre\u0219edintele Consiliului Jude\u021bean Ia\u0219i, Cristian Adomni\u021bei. La r\u00e2ndul s\u0103u, pre\u0219edintele Consiliului de Administra\u0163ie al Aeroportului Interna\u0163ional Ia\u015fi, Marius Bodea, a subliniat eforturile depuse de speciali\u015ftii Consiliului Jude\u0163ean Ia\u015fi \u015fi ai Aeroportului Interna\u0163ional Ia\u015fi, \u00een vederea realiz\u0103rii acestui obiectiv. \u201d\u00cen spatele acestui rezultat st\u0103 o munc\u0103 asidu\u0103 \u00eenceput\u0103 la sf\u00e2r\u0219itul anului 2012,\u00a0 cu o foaie de parcurs atent g\u00e2ndit\u0103 \u0219i respectat\u0103 \u00eentocmai. Putem spune c\u0103 am participat \u00een fiecare zi de atunci la \u00eendeplinirea acestui deziderat. Nu a fost deloc u\u0219or, dar am demonstrat c\u0103 putem pune pe picioare un proiect fundamental necesar pentru ie\u015feni, care dincolo de rezolvarea nevoii de transport direct \u0219i facil vine s\u0103 dea valoare Ia\u015fului \u015fi Regiunii Moldova\u201d, a afirmat Marius Bodea.<\/p>\n<p style=\"text-align: justify;\">\u00cen luna decembrie a anului trecut, Aeroportul Interna\u0163ional Ia\u0219i a depus cererea de finan\u0163are european\u0103 pentru dezvoltarea \u015fi modernizarea aerog\u0103rii ie\u015fene. Proiectul are o valoare total\u0103 de 56,7 milioane de euro, obiectivele majore propuse a fi realizate fiind proiectarea \u015fi execu\u0163ia lucr\u0103rilor pentru realizarea suprafe\u0163elor de mi\u015fcare aferente unei piste noi, cu lungimea de 2.400 metri (contract aflat \u00een derulare), extinderea suplimentar\u0103 a platformei parcare aeronave \u015fi construc\u0163ia unui nou terminal de pasageri, de trei ori mai mare dec\u00e2t cel existent. Din totalul sumei men\u0163ionate, 38,7 milioane de euro reprezint\u0103 finan\u0163area european\u0103 nerambursabil\u0103. Termenul de finalizare a proiectului este august 2015.<\/p>\n","protected":false},"excerpt":{"rendered":"<p>La mai pu\u0163in de 24 de ore dup\u0103 ce a fost transmis\u0103 de Autoritatea de&#8230; <a class=\"meta-more\" href=\"https:\/\/infois.ro\/?p=11501\">more <span class=\"meta-nav\">&raquo;<\/span><\/a><\/p>\n","protected":false},"author":2,"featured_media":11502,"comment_status":"open","ping_status":"closed","sticky":false,"template":"","format":"standard","meta":{"footnotes":""},"categories":[1,41],"tags":[74,465,986,374,2523,4985],"aioseo_notices":[],"_links":{"self":[{"href":"https:\/\/infois.ro\/index.php?rest_route=\/wp\/v2\/posts\/11501"}],"collection":[{"href":"https:\/\/infois.ro\/index.php?rest_route=\/wp\/v2\/posts"}],"about":[{"href":"https:\/\/infois.ro\/index.php?rest_route=\/wp\/v2\/types\/post"}],"author":[{"embeddable":true,"href":"https:\/\/infois.ro\/index.php?rest_route=\/wp\/v2\/users\/2"}],"replies":[{"embeddable":true,"href":"https:\/\/infois.ro\/index.php?rest_route=%2Fwp%2Fv2%2Fcomments&post=11501"}],"version-history":[{"count":1,"href":"https:\/\/infois.ro\/index.php?rest_route=\/wp\/v2\/posts\/11501\/revisions"}],"predecessor-version":[{"id":11503,"href":"https:\/\/infois.ro\/index.php?rest_route=\/wp\/v2\/posts\/11501\/revisions\/11503"}],"wp:featuredmedia":[{"embeddable":true,"href":"https:\/\/infois.ro\/index.php?rest_route=\/wp\/v2\/media\/11502"}],"wp:attachment":[{"href":"https:\/\/infois.ro\/index.php?rest_route=%2Fwp%2Fv2%2Fmedia&parent=11501"}],"wp:term":[{"taxonomy":"category","embeddable":true,"href":"https:\/\/infois.ro\/index.php?rest_route=%2Fwp%2Fv2%2Fcategories&post=11501"},{"taxonomy":"post_tag","embeddable":true,"href":"https:\/\/infois.ro\/index.php?rest_route=%2Fwp%2Fv2%2Ftags&post=11501"}],"curies":[{"name":"wp","href":"https:\/\/api.w.org\/{rel}","templated":true}]}}