{"id":11528,"date":"2014-05-29T17:52:20","date_gmt":"2014-05-29T14:52:20","guid":{"rendered":"http:\/\/infois.ro\/?p=11528"},"modified":"2014-05-29T17:52:44","modified_gmt":"2014-05-29T14:52:44","slug":"o-strada-din-iasi-va-purta-numele-lui-ion-mitican","status":"publish","type":"post","link":"https:\/\/infois.ro\/?p=11528","title":{"rendered":"O strad\u0103 din Ia\u0219i va purta numele lui Ion Mitican"},"content":{"rendered":"<p style=\"text-align: justify;\"><a class=\"highslide\" onclick=\"return vz.expand(this)\" href=\"http:\/\/infois.ro\/wp-content\/uploads\/2014\/05\/ion-mitican.jpg\"><img loading=\"lazy\" decoding=\"async\" class=\"alignleft  wp-image-11529\" title=\"ion mitican\" src=\"http:\/\/infois.ro\/wp-content\/uploads\/cache\/2014\/05\/ion-mitican\/3110735491.jpg\" alt=\"\" width=\"440\" height=\"295\" \/><\/a><\/p>\n<p style=\"text-align: justify;\">O strad\u0103 din zona C.A. Rosetti va purta numele lui Ion Mitican, personalitate care \u0219i-a dedicat o mare parte a vie\u021bii pentru promovarea \u0219i cultivarea istoriei capitalei Moldovei. Dup\u0103 cum au anun\u021bat reprezentan\u021bii Prim\u0103riei, strada Ion Mitican va fi cea delimitat\u0103 de str. Hotin \u015fi bulevardul C.A. Rosetti. Denumirea unei str\u0103zi dup\u0103 autorul seriilor de c\u0103r\u0163i ce evoc\u0103 Ia\u015ful de alt\u0103dat\u0103 a fost propus\u0103 municipalit\u0103\u0163ii printr-o adres\u0103 formulat\u0103 de postul de televiziune Digi 24 Ia\u015fi, Arhivele Na\u0163ionale Ia\u015fi, Funda\u0163ia Comunitar\u0103 Ia\u015fi \u015fi Icar Tours Ia\u015fi.\u00a0Ion Mitican, n\u0103scut pe 11 aprilie 1931, \u00een comuna D\u0103ne\u0219ti, jude\u021bul Vaslui, decedat pe 24 martie 2012, la Ia\u0219i, a fost un inginer \u0219i scriitor care \u015fi-a dedicat jum\u0103tate din via\u0163\u0103 cercet\u0103rii istoriei Ia\u015fului. \u201eAm \u00eendr\u0103git istoria \u00een general \u0219i mai ales pe cea a Ia\u0219ului. Mi-am dezvoltat gustul pentru scris gra\u021bie profesorului de istorie din liceu. Se b\u0103tea prea mult\u0103 moned\u0103 pe savan\u021bi \u0219i realiz\u0103rile lor, iar el, ca s\u0103 evite asemenea lucru, ne \u021binea extraordinare lec\u021bii despre Ia\u0219i\u201d, afirma Ion Mitican. Astfel, \u00eentre anii 1983-1989, inginerul radio-telefonist Ion Mitican a \u00eenceput s\u0103 publice materiale despre Ia\u015ful de odinioar\u0103, cuprinz\u00e2nd evoc\u0103ri \u0219i monografii literare, majoritatea cu con\u021binut inedit. Dup\u0103 ie\u0219irea la pensie, \u00een anul 1994, Ion Mitican \u0219i-a p\u0103strat spiritul dinamic \u0219i inovator: a desf\u0103\u0219urat o sus\u021binut\u0103 activitate publicistic\u0103 edit\u00e2nd \u201dPagini Feroviare\u201d \u0219i semn\u00e2nd ample articole \u00een mai multe ziare locale, realiz\u00e2nd, de asemenea, numeroase emisiuni TV dedicate Ia\u0219ului.<\/p>\n","protected":false},"excerpt":{"rendered":"<p>O strad\u0103 din zona C.A. Rosetti va purta numele lui Ion Mitican, personalitate care \u0219i-a&#8230; <a class=\"meta-more\" href=\"https:\/\/infois.ro\/?p=11528\">more <span class=\"meta-nav\">&raquo;<\/span><\/a><\/p>\n","protected":false},"author":2,"featured_media":11529,"comment_status":"open","ping_status":"closed","sticky":false,"template":"","format":"standard","meta":{"footnotes":""},"categories":[1,41],"tags":[74,4999,40,4998,296],"aioseo_notices":[],"_links":{"self":[{"href":"https:\/\/infois.ro\/index.php?rest_route=\/wp\/v2\/posts\/11528"}],"collection":[{"href":"https:\/\/infois.ro\/index.php?rest_route=\/wp\/v2\/posts"}],"about":[{"href":"https:\/\/infois.ro\/index.php?rest_route=\/wp\/v2\/types\/post"}],"author":[{"embeddable":true,"href":"https:\/\/infois.ro\/index.php?rest_route=\/wp\/v2\/users\/2"}],"replies":[{"embeddable":true,"href":"https:\/\/infois.ro\/index.php?rest_route=%2Fwp%2Fv2%2Fcomments&post=11528"}],"version-history":[{"count":3,"href":"https:\/\/infois.ro\/index.php?rest_route=\/wp\/v2\/posts\/11528\/revisions"}],"predecessor-version":[{"id":11532,"href":"https:\/\/infois.ro\/index.php?rest_route=\/wp\/v2\/posts\/11528\/revisions\/11532"}],"wp:featuredmedia":[{"embeddable":true,"href":"https:\/\/infois.ro\/index.php?rest_route=\/wp\/v2\/media\/11529"}],"wp:attachment":[{"href":"https:\/\/infois.ro\/index.php?rest_route=%2Fwp%2Fv2%2Fmedia&parent=11528"}],"wp:term":[{"taxonomy":"category","embeddable":true,"href":"https:\/\/infois.ro\/index.php?rest_route=%2Fwp%2Fv2%2Fcategories&post=11528"},{"taxonomy":"post_tag","embeddable":true,"href":"https:\/\/infois.ro\/index.php?rest_route=%2Fwp%2Fv2%2Ftags&post=11528"}],"curies":[{"name":"wp","href":"https:\/\/api.w.org\/{rel}","templated":true}]}}