{"id":11899,"date":"2014-06-19T19:30:30","date_gmt":"2014-06-19T16:30:30","guid":{"rendered":"http:\/\/infois.ro\/?p=11899"},"modified":"2014-06-20T11:31:11","modified_gmt":"2014-06-20T08:31:11","slug":"proiect-privind-imbunatatirea-calitatii-serviciilor-publice-oferite-cetatenilor","status":"publish","type":"post","link":"https:\/\/infois.ro\/?p=11899","title":{"rendered":"Proiect privind \u00eembun\u0103t\u0103\u021birea calit\u0103\u021bii serviciilor publice oferite cet\u0103\u021benilor"},"content":{"rendered":"<p style=\"text-align: justify;\"><a class=\"highslide\" onclick=\"return vz.expand(this)\" href=\"http:\/\/infois.ro\/wp-content\/uploads\/2014\/06\/prefectura-iasi1.jpg\"><img loading=\"lazy\" decoding=\"async\" class=\"alignleft  wp-image-11900\" title=\"prefectura iasi\" src=\"http:\/\/infois.ro\/wp-content\/uploads\/cache\/2014\/06\/prefectura-iasi1\/2710275474.jpg\" alt=\"\" width=\"384\" height=\"216\" \/><\/a><\/p>\n<p style=\"text-align: justify;\">Institu\u0163ia Prefectului Jude\u0163ului Ia\u015fi organizeaz\u0103 vineri, 20 iunie, conferin\u0163a de pres\u0103 privind finalizarea proiectului \u201d\u00cembun\u0103t\u0103\u0163irea calit\u0103\u0163ii \u015fi eficien\u0163ei serviciilor publice oferite cet\u0103\u0163enilor jude\u0163ului Ia\u015fi, prin dezvoltarea capacit\u0103\u0163ii de gestionare a informa\u0163iei la nivelul Institu\u0163iei Prefectului-Jude\u0163ul Ia\u015fi \u015fi facilitarea comunic\u0103rii inter-institu\u0163ionale \u2013 PLUS (pRefect, logic, unitar, sistematic)\u201d, cod SMIS 37734. Proiectul este finan\u0163at din Fondul Social European prin Programul Opera\u0163ional Dezvoltarea Capacit\u0103\u0163ii Administrative 2007 -2013, Axa prioritar\u0103 2 &#8211; \u00cembun\u0103t\u0103\u0163irea calit\u0103\u0163ii \u015fi eficien\u0163ei furniz\u0103rii serviciilor publice, cu accentul pus pe procesul de descentralizare, Domeniul Major de Interven\u0163ie 2.2 &#8211; \u00cembun\u0103t\u0103\u0163irea calit\u0103\u0163ii \u015fi eficien\u0163ei furniz\u0103rii serviciilor, Opera\u0163iunea \u2013 Folosirea mecanismelor electronice, de exemplu, portaluri internet \u015fi baze de date, Cererea de proiecte nr. IP 5\/2010. \u00cen cadrul conferin\u0163ei de pres\u0103 vor avea loc analiza \u015fi diseminarea rezultatelor ob\u0163inute \u00een cadrul proiectului, precum si a valorii ad\u0103ugate prin finalizarea cu succes a acestuia.<\/p>\n<p style=\"text-align: justify;\">\n","protected":false},"excerpt":{"rendered":"<p>Institu\u0163ia Prefectului Jude\u0163ului Ia\u015fi organizeaz\u0103 vineri, 20 iunie, conferin\u0163a de pres\u0103 privind finalizarea proiectului \u201d\u00cembun\u0103t\u0103\u0163irea&#8230; <a class=\"meta-more\" href=\"https:\/\/infois.ro\/?p=11899\">more <span class=\"meta-nav\">&raquo;<\/span><\/a><\/p>\n","protected":false},"author":2,"featured_media":11900,"comment_status":"open","ping_status":"closed","sticky":false,"template":"","format":"standard","meta":{"footnotes":""},"categories":[1],"tags":[395,446,3112,3850],"aioseo_notices":[],"_links":{"self":[{"href":"https:\/\/infois.ro\/index.php?rest_route=\/wp\/v2\/posts\/11899"}],"collection":[{"href":"https:\/\/infois.ro\/index.php?rest_route=\/wp\/v2\/posts"}],"about":[{"href":"https:\/\/infois.ro\/index.php?rest_route=\/wp\/v2\/types\/post"}],"author":[{"embeddable":true,"href":"https:\/\/infois.ro\/index.php?rest_route=\/wp\/v2\/users\/2"}],"replies":[{"embeddable":true,"href":"https:\/\/infois.ro\/index.php?rest_route=%2Fwp%2Fv2%2Fcomments&post=11899"}],"version-history":[{"count":3,"href":"https:\/\/infois.ro\/index.php?rest_route=\/wp\/v2\/posts\/11899\/revisions"}],"predecessor-version":[{"id":11903,"href":"https:\/\/infois.ro\/index.php?rest_route=\/wp\/v2\/posts\/11899\/revisions\/11903"}],"wp:featuredmedia":[{"embeddable":true,"href":"https:\/\/infois.ro\/index.php?rest_route=\/wp\/v2\/media\/11900"}],"wp:attachment":[{"href":"https:\/\/infois.ro\/index.php?rest_route=%2Fwp%2Fv2%2Fmedia&parent=11899"}],"wp:term":[{"taxonomy":"category","embeddable":true,"href":"https:\/\/infois.ro\/index.php?rest_route=%2Fwp%2Fv2%2Fcategories&post=11899"},{"taxonomy":"post_tag","embeddable":true,"href":"https:\/\/infois.ro\/index.php?rest_route=%2Fwp%2Fv2%2Ftags&post=11899"}],"curies":[{"name":"wp","href":"https:\/\/api.w.org\/{rel}","templated":true}]}}