{"id":1209,"date":"2012-07-29T13:56:10","date_gmt":"2012-07-29T10:56:10","guid":{"rendered":"http:\/\/infois.ro\/?p=1209"},"modified":"2012-07-29T13:56:10","modified_gmt":"2012-07-29T10:56:10","slug":"autoritatile-iesene-ingrijorate-de-seceta","status":"publish","type":"post","link":"https:\/\/infois.ro\/?p=1209","title":{"rendered":"Autorit\u0103\u0163ile ie\u015fene, \u00eengrijorate de secet\u0103"},"content":{"rendered":"<p style=\"text-align: justify;\"><a class=\"highslide\" onclick=\"return vz.expand(this)\" href=\"http:\/\/infois.ro\/wp-content\/uploads\/2012\/07\/seceta1.jpg\"><img loading=\"lazy\" decoding=\"async\" class=\"alignnone size-large wp-image-1210\" title=\"seceta\" src=\"http:\/\/infois.ro\/wp-content\/uploads\/cache\/2012\/07\/seceta1\/2514483915.jpg\" alt=\"\" width=\"300\" height=\"225\" \/><\/a><\/p>\n<p style=\"text-align: justify;\">\u00cengrijorat\u0103 de temperaturile deosebit de ridicate \u00eenregistrate \u00een ultimele zile, conducerea Prefecturii ie\u015fene a dispus o serie de m\u0103suri pe care autorit\u0103\u0163ile locale va trebui s\u0103 le ia pentru diminuarea efectelor caniculei.\u00a0 Cele mai importante dintre aceste m\u0103suri se refer\u0103 la amenajarea de perdele sau umbrare, \u00een vederea asigur\u0103rii spa\u0163iilor de odihn\u0103 pentru animalele din gospod\u0103riile cet\u0103\u0163enilor, precum \u015fi pentru asigurarea surselor de ap\u0103 pentru ad\u0103parea acestora. Primarii vor trebui s\u0103 ia m\u0103surile \u015fi \u00een ceea ce prive\u015fte perspectiva devers\u0103rii de de\u015feuri \u00een vechile albii ale r\u00e2urilor, prin \u00eendep\u0103rtarea gunoaielor sau a unor depozite de pesticide \u015fi \u00eengr\u0103\u015f\u0103minte chimice, care, de obicei, sunt depuse \u00een aceste locuri de c\u0103tre locuitorii satelor. \u201cLa nivelul fiec\u0103rei comune vor trebui amenajate camere frigorifice pentru p\u0103strarea cadavrelor de animale, p\u00e2n\u0103 c\u00e2nd vor fi preluate de unit\u0103\u0163ile de neutralizare a de\u015feurilor de origine animal\u0103 \u015fi \u00eencheierea de contracte, \u00een condi\u0163iile legii, cu aceste unit\u0103\u0163i, de c\u0103tre fiecare prim\u0103rie \u015fi ferm\u0103 de animale. Autorit\u0103\u0163ile publice locale, \u00een colaborare cu organele sanitare veterinare, vor trebui s\u0103 impun\u0103 m\u0103surile stabilite \u00een cadrul comandamentelor locale pentru situa\u0163ii de urgen\u0163\u0103 \u015fi s\u0103 aduc\u0103 la cuno\u015ftin\u0163a proprietarilor de animale c\u0103 au obliga\u0163ia de a sesiza, imediat \u015fi pe orice cale,\u00a0 medicului\u00a0 veterinar,\u00a0 \u00een cazul primelor cazuri sau suspiciuni de boal\u0103. Animalele bolnave sau suspecte de boal\u0103 vor trebui izolate, \u00een caz de moarte s\u0103 nu deschid\u0103 cadavrele iar \u00een cazul sacrific\u0103rilor de urgen\u0163\u0103 s\u0103 nu valorifice carnea, f\u0103r\u0103 a fi examinat\u0103 de c\u0103tre medicul veterinar\u201d, a declarat prefectul Romeo Olteanu. De asemenea, reprezentantul Guvernului \u00een teritoriu a atras aten\u0163ia primarilor din jude\u0163 s\u0103 monitorizeze cu stricte\u0163e nivelul apei din f\u00e2nt\u00e2ni, av\u00e2nd \u00een vedere c\u0103, \u00een ultimele zile, mai multe localit\u0103\u0163ile ie\u015fene s-au confruntat cu secarea principalelor surse de ap\u0103 din comune.<\/p>\n<p style=\"text-align: justify;\">\n","protected":false},"excerpt":{"rendered":"<p>\u00cengrijorat\u0103 de temperaturile deosebit de ridicate \u00eenregistrate \u00een ultimele zile, conducerea Prefecturii ie\u015fene a dispus&#8230; <a class=\"meta-more\" href=\"https:\/\/infois.ro\/?p=1209\">more <span class=\"meta-nav\">&raquo;<\/span><\/a><\/p>\n","protected":false},"author":2,"featured_media":1210,"comment_status":"open","ping_status":"open","sticky":false,"template":"","format":"standard","meta":{"footnotes":""},"categories":[1,41],"tags":[74,446,558],"aioseo_notices":[],"_links":{"self":[{"href":"https:\/\/infois.ro\/index.php?rest_route=\/wp\/v2\/posts\/1209"}],"collection":[{"href":"https:\/\/infois.ro\/index.php?rest_route=\/wp\/v2\/posts"}],"about":[{"href":"https:\/\/infois.ro\/index.php?rest_route=\/wp\/v2\/types\/post"}],"author":[{"embeddable":true,"href":"https:\/\/infois.ro\/index.php?rest_route=\/wp\/v2\/users\/2"}],"replies":[{"embeddable":true,"href":"https:\/\/infois.ro\/index.php?rest_route=%2Fwp%2Fv2%2Fcomments&post=1209"}],"version-history":[{"count":1,"href":"https:\/\/infois.ro\/index.php?rest_route=\/wp\/v2\/posts\/1209\/revisions"}],"predecessor-version":[{"id":1211,"href":"https:\/\/infois.ro\/index.php?rest_route=\/wp\/v2\/posts\/1209\/revisions\/1211"}],"wp:featuredmedia":[{"embeddable":true,"href":"https:\/\/infois.ro\/index.php?rest_route=\/wp\/v2\/media\/1210"}],"wp:attachment":[{"href":"https:\/\/infois.ro\/index.php?rest_route=%2Fwp%2Fv2%2Fmedia&parent=1209"}],"wp:term":[{"taxonomy":"category","embeddable":true,"href":"https:\/\/infois.ro\/index.php?rest_route=%2Fwp%2Fv2%2Fcategories&post=1209"},{"taxonomy":"post_tag","embeddable":true,"href":"https:\/\/infois.ro\/index.php?rest_route=%2Fwp%2Fv2%2Ftags&post=1209"}],"curies":[{"name":"wp","href":"https:\/\/api.w.org\/{rel}","templated":true}]}}