{"id":12108,"date":"2014-07-05T13:39:07","date_gmt":"2014-07-05T10:39:07","guid":{"rendered":"http:\/\/infois.ro\/?p=12108"},"modified":"2014-07-05T13:39:07","modified_gmt":"2014-07-05T10:39:07","slug":"modernizarea-magistralei-2-de-termoficare-se-va-finaliza-in-august","status":"publish","type":"post","link":"https:\/\/infois.ro\/?p=12108","title":{"rendered":"Modernizarea magistralei 2 de termoficare se va finaliza \u00een august"},"content":{"rendered":"<p style=\"text-align: justify;\"><a class=\"highslide\" onclick=\"return vz.expand(this)\" href=\"http:\/\/infois.ro\/wp-content\/uploads\/2014\/07\/magistrala-doi.jpg\"><img loading=\"lazy\" decoding=\"async\" class=\"alignleft size-large wp-image-12109\" title=\"magistrala doi\" src=\"http:\/\/infois.ro\/wp-content\/uploads\/cache\/2014\/07\/magistrala-doi\/3688632141.jpg\" alt=\"\" width=\"330\" height=\"550\" \/><\/a><\/p>\n<p style=\"text-align: justify;\">Prim\u0103ria municipiului Ia\u0219i continu\u0103 lucr\u0103rile pe magistral\u0103 2 de termoficare, derulate \u00een cadrul proiectului european \u00een valoare de 46,5 milioane de lei, ce cuprinde, printre altele, \u00eenlocuirea a aproximativ 11 kilometri de conducte din re\u021beaua primar\u0103 de transport a agentului termic. Lucr\u0103rile sunt executate pe mai multe fronturi, sub coordonarea reprezentan\u021bilor Prim\u0103riei \u0219i cu asisten\u0163a speciali\u0219tilor de la Dalkia Termo Ia\u0219i. Astfel, pe strada Maior Eremia Popescu \u2013 PT Independen\u0163ei, lucr\u0103rile au fost deja finalizate, urm\u00e2nd ca zilele acestea s\u0103 se fac\u0103 recep\u0163ia. \u201dAici, lungimea total\u0103 a conductei schimbat\u0103 este de 2.612 ml, din care 2.482 ml a fost executat\u0103 \u00een 2013, iar diferen\u0163a \u00een acest an. Acum se execut\u0103 lucr\u0103ri pe tronsonul Buc\u015finescu \u2013 Sf. Laz\u0103r \u2013 Tribunal \u2013 Hotel Moldova. \u00cen ultimele s\u0103pt\u0103m\u00e2ni s-au \u00eenlocuit deja 800 ml din cei 1.500 ml r\u0103ma\u015fi de f\u0103cut de anul trecut. Pe aceast\u0103 por\u0163iune, constructorii au avansat ca termen de finalizare luna august a acestui an. P\u00e2n\u0103 la sf\u00e2r\u015fitul lunii august ar urma s\u0103 fie \u00eenchis \u015fi \u015fantierul de pe por\u0163iunea Prefectur\u0103 \u2013 PT Cuza Vod\u0103 \u2013 PT \u015etefan cel Mare \u2013 strada Morilor. \u00cen acest caz, din lungimea total\u0103 de 3.764 ml, doar un tronson de 720 ml a r\u0103mas de executat \u00een acest an\u201d, se precizeaz\u0103 \u00eentr-un comunicat al Prim\u0103riei municipiului Ia\u0219i. De remarcat c\u0103, pe tot parcursul implement\u0103rii proiectului, opririle \u00een furnizarea agentului termic nu au dep\u0103\u015fit 24 \u2013 48 de ore, executan\u0163ii utiliz\u00e2nd metoda provizoratelor, potrivit c\u0103reia \u00een timpul realiz\u0103rii \u00eenlocuirilor de conducte, ramurile afectate s\u0103 fie alimentate printr-o \u0163eava provizorie, \u00een a\u015fa fel \u00eenc\u00e2t disconfortul resim\u0163it de clien\u0163ii sistemului centralizat de termoficare s\u0103 fie minim. Aceea\u015fi metod\u0103 va fi aplicat\u0103, dau asigur\u0103ri reprezentan\u021bii Prim\u0103riei, \u015fi \u00een cazul lucr\u0103rilor ce vor mai avea loc \u00een lunile iulie \u015fi august.\u00a0Investi\u0163ia ce const\u0103 \u00een schimbarea conductelor a fost absolut necesar\u0103, deoarece vechimea magistralei 2 de termoficare variaz\u0103 \u00eentre 26 \u015fi 34 de ani.<\/p>\n<p style=\"text-align: justify;\">\n","protected":false},"excerpt":{"rendered":"<p>Prim\u0103ria municipiului Ia\u0219i continu\u0103 lucr\u0103rile pe magistral\u0103 2 de termoficare, derulate \u00een cadrul proiectului european&#8230; <a class=\"meta-more\" href=\"https:\/\/infois.ro\/?p=12108\">more <span class=\"meta-nav\">&raquo;<\/span><\/a><\/p>\n","protected":false},"author":2,"featured_media":12109,"comment_status":"open","ping_status":"closed","sticky":false,"template":"","format":"standard","meta":{"footnotes":""},"categories":[1,41],"tags":[74,40,2936,2353,296,515,493],"aioseo_notices":[],"_links":{"self":[{"href":"https:\/\/infois.ro\/index.php?rest_route=\/wp\/v2\/posts\/12108"}],"collection":[{"href":"https:\/\/infois.ro\/index.php?rest_route=\/wp\/v2\/posts"}],"about":[{"href":"https:\/\/infois.ro\/index.php?rest_route=\/wp\/v2\/types\/post"}],"author":[{"embeddable":true,"href":"https:\/\/infois.ro\/index.php?rest_route=\/wp\/v2\/users\/2"}],"replies":[{"embeddable":true,"href":"https:\/\/infois.ro\/index.php?rest_route=%2Fwp%2Fv2%2Fcomments&post=12108"}],"version-history":[{"count":1,"href":"https:\/\/infois.ro\/index.php?rest_route=\/wp\/v2\/posts\/12108\/revisions"}],"predecessor-version":[{"id":12110,"href":"https:\/\/infois.ro\/index.php?rest_route=\/wp\/v2\/posts\/12108\/revisions\/12110"}],"wp:featuredmedia":[{"embeddable":true,"href":"https:\/\/infois.ro\/index.php?rest_route=\/wp\/v2\/media\/12109"}],"wp:attachment":[{"href":"https:\/\/infois.ro\/index.php?rest_route=%2Fwp%2Fv2%2Fmedia&parent=12108"}],"wp:term":[{"taxonomy":"category","embeddable":true,"href":"https:\/\/infois.ro\/index.php?rest_route=%2Fwp%2Fv2%2Fcategories&post=12108"},{"taxonomy":"post_tag","embeddable":true,"href":"https:\/\/infois.ro\/index.php?rest_route=%2Fwp%2Fv2%2Ftags&post=12108"}],"curies":[{"name":"wp","href":"https:\/\/api.w.org\/{rel}","templated":true}]}}