{"id":12114,"date":"2014-07-05T13:46:19","date_gmt":"2014-07-05T10:46:19","guid":{"rendered":"http:\/\/infois.ro\/?p=12114"},"modified":"2014-07-05T13:46:19","modified_gmt":"2014-07-05T10:46:19","slug":"campanie-de-promovare-a-respectului-reciproc-intre-participantii-la-trafic","status":"publish","type":"post","link":"https:\/\/infois.ro\/?p=12114","title":{"rendered":"Campanie de promovare a respectului reciproc \u00eentre participan\u021bii la trafic"},"content":{"rendered":"<p style=\"text-align: justify;\"><a class=\"highslide\" onclick=\"return vz.expand(this)\" href=\"http:\/\/infois.ro\/wp-content\/uploads\/2014\/07\/motociclisti.jpg\"><img loading=\"lazy\" decoding=\"async\" class=\"alignleft  wp-image-12115\" title=\"motociclisti\" src=\"http:\/\/infois.ro\/wp-content\/uploads\/cache\/2014\/07\/motociclisti\/1360959283.jpg\" alt=\"\" width=\"480\" height=\"360\" \/><\/a><\/p>\n<p style=\"text-align: justify;\">Aeroportul Ia\u0219i, \u00eempreun\u0103 cu Poli\u021bia Rutier\u0103, Jandarmeria, ISUJ, SMURD \u0219i cluburile de motociclism anun\u021b\u0103 lansarea unei campanii de con\u0219tientizare \u0219i de cre\u0219tere a civiliza\u021biei \u0219i respectului reciproc \u00eentre participan\u021bii la traficul rutier, intitulat\u0103 &#8220;Rebeli cu o cauz\u0103&#8221;. Potrivit organizatorilor, campania vizeaz\u0103 desf\u0103\u0219urarea unor activit\u0103\u021bi pentru promovarea mesajului de respect reciproc \u00een trafic, printre care: demonstra\u021bie sportiv\u0103 moto pe pista veche a Aeroportului Ia\u0219i, mesajul promovat fiind c\u0103tre motocicli\u0219ti, \u00eencuraja\u021bi s\u0103 \u00ee\u0219i &#8220;descarce&#8221; energia \u0219i caii putere \u00eentr-un cadru organizat \u0219i nu pe strad\u0103, \u00een traficul rutier, conferin\u021b\u0103 de pres\u0103\/ mas\u0103 rotund\u0103 cu invita\u021bi care s\u0103 accentueze mesajul de siguran\u021b\u0103, aten\u021bie \u0219i respect reciproc \u00een trafic, care s\u0103 aduc\u0103 m\u0103rturii foto \/ video cu privire la consecin\u021bele tragice pe care le au neaten\u021bia \u0219i viteza \u00een trafic, concurs pentru \u0219oferii pe patru ro\u021bi, pentru con\u0219tientizarea faptului c\u0103 sunt \u0219i al\u021bi participan\u021bi \u00een traffic, mini-recital comemorativ Adrian Berescu, \u00eentr-un cadru neconven\u021bional (parcare nou\u0103 Aeroport Ia\u0219i), \u00a0mar\u0219 al motocicli\u0219tilor, prin ora\u0219, de la sau p\u00e2n\u0103 la Aeroport.<\/p>\n","protected":false},"excerpt":{"rendered":"<p>Aeroportul Ia\u0219i, \u00eempreun\u0103 cu Poli\u021bia Rutier\u0103, Jandarmeria, ISUJ, SMURD \u0219i cluburile de motociclism anun\u021b\u0103 lansarea&#8230; <a class=\"meta-more\" href=\"https:\/\/infois.ro\/?p=12114\">more <span class=\"meta-nav\">&raquo;<\/span><\/a><\/p>\n","protected":false},"author":2,"featured_media":12115,"comment_status":"open","ping_status":"closed","sticky":false,"template":"","format":"standard","meta":{"footnotes":""},"categories":[1,41],"tags":[74,465,3515,40,5278,196,4278],"aioseo_notices":[],"_links":{"self":[{"href":"https:\/\/infois.ro\/index.php?rest_route=\/wp\/v2\/posts\/12114"}],"collection":[{"href":"https:\/\/infois.ro\/index.php?rest_route=\/wp\/v2\/posts"}],"about":[{"href":"https:\/\/infois.ro\/index.php?rest_route=\/wp\/v2\/types\/post"}],"author":[{"embeddable":true,"href":"https:\/\/infois.ro\/index.php?rest_route=\/wp\/v2\/users\/2"}],"replies":[{"embeddable":true,"href":"https:\/\/infois.ro\/index.php?rest_route=%2Fwp%2Fv2%2Fcomments&post=12114"}],"version-history":[{"count":1,"href":"https:\/\/infois.ro\/index.php?rest_route=\/wp\/v2\/posts\/12114\/revisions"}],"predecessor-version":[{"id":12116,"href":"https:\/\/infois.ro\/index.php?rest_route=\/wp\/v2\/posts\/12114\/revisions\/12116"}],"wp:featuredmedia":[{"embeddable":true,"href":"https:\/\/infois.ro\/index.php?rest_route=\/wp\/v2\/media\/12115"}],"wp:attachment":[{"href":"https:\/\/infois.ro\/index.php?rest_route=%2Fwp%2Fv2%2Fmedia&parent=12114"}],"wp:term":[{"taxonomy":"category","embeddable":true,"href":"https:\/\/infois.ro\/index.php?rest_route=%2Fwp%2Fv2%2Fcategories&post=12114"},{"taxonomy":"post_tag","embeddable":true,"href":"https:\/\/infois.ro\/index.php?rest_route=%2Fwp%2Fv2%2Ftags&post=12114"}],"curies":[{"name":"wp","href":"https:\/\/api.w.org\/{rel}","templated":true}]}}