{"id":12266,"date":"2014-07-15T18:50:22","date_gmt":"2014-07-15T15:50:22","guid":{"rendered":"http:\/\/infois.ro\/?p=12266"},"modified":"2014-07-15T18:50:22","modified_gmt":"2014-07-15T15:50:22","slug":"campanie-privind-cresterea-gradului-de-civilizatie-si-respect-reciproc-in-trafic-initiata-de-conducerea-aeroportului-iasi","status":"publish","type":"post","link":"https:\/\/infois.ro\/?p=12266","title":{"rendered":"Campanie privind cre\u0219terea gradului de civiliza\u021bie \u0219i respect reciproc \u00een trafic, ini\u021biat\u0103 de conducerea Aeroportului Ia\u0219i"},"content":{"rendered":"<p style=\"text-align: justify;\"><a class=\"highslide\" onclick=\"return vz.expand(this)\" href=\"http:\/\/infois.ro\/wp-content\/uploads\/2014\/07\/campanie-trafic-aeroport.jpg\"><img loading=\"lazy\" decoding=\"async\" class=\"alignleft size-large wp-image-12267\" title=\"campanie-trafic-aeroport\" src=\"http:\/\/infois.ro\/wp-content\/uploads\/cache\/2014\/07\/campanie-trafic-aeroport\/566253793.jpg\" alt=\"\" width=\"600\" height=\"400\" \/><\/a><\/p>\n<p style=\"text-align: justify;\">Aeroportul Ia\u0219i se implic\u0103, din nou, \u00een proiecte care pun accentul pe informare \u0219i prevenire, dup\u0103 ce anul trecut, \u00eempreun\u0103 cu Poli\u021bia Transporturi, a derulat o campanie de prevenire a pierderilor de bagaje. Campania \u201cRebeli cu o cauz\u0103\u201d, derulat\u0103 de Aeroportul Interna\u021bional Ia\u0219i, av\u00e2ndu-i ca parteneri pe Inspectoratul pentru Situa\u021bii de Urgen\u021b\u0103 al jude\u021bului Ia\u0219i, Inspectoratul de Jandarmi Jude\u021bean Ia\u0219i,\u00a0\u00a0SMURD Ia\u0219i, Crucea Ro\u0219ie \u2013 filiala Ia\u0219i \u0219i cluburile de motociclism, va demara \u00een perioada 15-31 iulie o campanie care are ca scop\u00a0cre\u0219terea gradului de civiliza\u021bie \u0219i respect reciproc \u00eentre participan\u021bii la traficul rutier. Potrivit organizatorilor, activit\u0103\u021bile se vor derula inclusiv pe infrastructura de mi\u0219care a Aeroportului Interna\u021bonal Ia\u0219i, f\u0103r\u0103 perturbarea programului de zbor, cu notificarea c\u0103tre toate autorit\u0103\u021bile competente \u0219i cu asigurarea tuturor condi\u021biilor de securitate aeroportuar\u0103. Vineri 25 iulie, \u00een parcarea Aeroportului Ia\u0219i va avea loc un exerci\u021biu de descarcerare ISU-SMURD \u0219i o\u00a0demonstra\u021bie de prim ajutor. S\u00e2mb\u0103t\u0103, 26 iulie, va avea loc o demonstra\u021bie sportiv\u0103 auto &#8211; moto la pista Aeroportului Ia\u0219i, iar duminic\u0103, 27 iulie, este programat un mini-recital\u00eein memoria lui Adrian Berescu, sus\u021binut de artistul Filip Papa, membru al Cvartetului \u201dAd Libitum\u201d. Evenimentul se va incheia, tot \u00een parcarea Aeroportului Ia\u0219i, cu o\u00a0expozi\u021bie de motociclete de diverse tipuri, al\u0103turi de echipamente de protec\u021bie. \u201dPrin aceast\u0103 campanie ne manifest\u0103m deschiderea de a organiza sau de a fi parteneri \u00een activit\u0103\u021bi similare la Aeroportul\u00a0Ia\u0219i. Este evident c\u0103, \u00een prezent, datorit\u0103 traficului aerian mult sporit, condi\u021biile organizatorice sunt mai dificile. \u201cZiua por\u021bilor deschise\u201d, pe care alte institu\u021bii o organizeaz\u0103, are alt specific la noi, av\u00e2nd \u00een vedere regulile de securitate ce trebuie respectate cu stricte\u021be. Por\u021bile noastre, \u00eens\u0103, sunt deschise pentru manifest\u0103ri similare, sus\u021binute \u00eentr-un cadru organizat\u201d, \u00a0a declarat\u00a0Marius Bodea, pre\u0219edintele Consiliului de Administra\u021bie (CA) al Aeroportului Interna\u021bional Ia\u0219i.<\/p>\n<p style=\"text-align: justify;\">Evenimentul se adreseaz\u0103 at\u00e2t\u0219soferilor pe patru ro\u021bi, celor care piloteaz\u0103 motociclete, scutere sau mopede, c\u00e2t \u0219i bicicli\u0219tilor. Mesajul principal pe care dore\u0219te s\u0103-l transmit\u0103 Aeroportul Ia\u0219i este acela c\u0103 viteza foarte mare are logic\u0103 pe un circuit special amenajat \u2013 auto, moto, karting \u2013 sau pe pista unui aeroport, \u00een niciun caz \u00een traficul rutier, unde viteza \u0219i neaten\u021bia pot avea consecin\u021be tragice.<\/p>\n","protected":false},"excerpt":{"rendered":"<p>Aeroportul Ia\u0219i se implic\u0103, din nou, \u00een proiecte care pun accentul pe informare \u0219i prevenire,&#8230; <a class=\"meta-more\" href=\"https:\/\/infois.ro\/?p=12266\">more <span class=\"meta-nav\">&raquo;<\/span><\/a><\/p>\n","protected":false},"author":2,"featured_media":12267,"comment_status":"open","ping_status":"closed","sticky":false,"template":"","format":"standard","meta":{"footnotes":""},"categories":[12,41],"tags":[74,465,3515,3828,5320,2478],"aioseo_notices":[],"_links":{"self":[{"href":"https:\/\/infois.ro\/index.php?rest_route=\/wp\/v2\/posts\/12266"}],"collection":[{"href":"https:\/\/infois.ro\/index.php?rest_route=\/wp\/v2\/posts"}],"about":[{"href":"https:\/\/infois.ro\/index.php?rest_route=\/wp\/v2\/types\/post"}],"author":[{"embeddable":true,"href":"https:\/\/infois.ro\/index.php?rest_route=\/wp\/v2\/users\/2"}],"replies":[{"embeddable":true,"href":"https:\/\/infois.ro\/index.php?rest_route=%2Fwp%2Fv2%2Fcomments&post=12266"}],"version-history":[{"count":1,"href":"https:\/\/infois.ro\/index.php?rest_route=\/wp\/v2\/posts\/12266\/revisions"}],"predecessor-version":[{"id":12268,"href":"https:\/\/infois.ro\/index.php?rest_route=\/wp\/v2\/posts\/12266\/revisions\/12268"}],"wp:featuredmedia":[{"embeddable":true,"href":"https:\/\/infois.ro\/index.php?rest_route=\/wp\/v2\/media\/12267"}],"wp:attachment":[{"href":"https:\/\/infois.ro\/index.php?rest_route=%2Fwp%2Fv2%2Fmedia&parent=12266"}],"wp:term":[{"taxonomy":"category","embeddable":true,"href":"https:\/\/infois.ro\/index.php?rest_route=%2Fwp%2Fv2%2Fcategories&post=12266"},{"taxonomy":"post_tag","embeddable":true,"href":"https:\/\/infois.ro\/index.php?rest_route=%2Fwp%2Fv2%2Ftags&post=12266"}],"curies":[{"name":"wp","href":"https:\/\/api.w.org\/{rel}","templated":true}]}}