{"id":12356,"date":"2014-07-20T11:37:21","date_gmt":"2014-07-20T08:37:21","guid":{"rendered":"http:\/\/infois.ro\/?p=12356"},"modified":"2014-07-20T11:37:21","modified_gmt":"2014-07-20T08:37:21","slug":"continua-lucrarile-de-modernizare-a-strazilor-din-centrul-iasului","status":"publish","type":"post","link":"https:\/\/infois.ro\/?p=12356","title":{"rendered":"Continu\u0103 lucr\u0103rile de modernizare a str\u0103zilor din centrul Ia\u0219ului"},"content":{"rendered":"<p><a class=\"highslide\" onclick=\"return vz.expand(this)\" href=\"http:\/\/infois.ro\/wp-content\/uploads\/2014\/07\/lucrari1.jpg\"><img loading=\"lazy\" decoding=\"async\" class=\" wp-image-12357 alignleft\" title=\"lucrari\" src=\"http:\/\/infois.ro\/wp-content\/uploads\/cache\/2014\/07\/lucrari1\/4126956758.jpg\" alt=\"\" width=\"420\" height=\"314\" \/><\/a><\/p>\n<p style=\"text-align: justify;\">\u00cen aceast\u0103 perioad\u0103 continu\u0103 lucr\u0103rile de repara\u021bii \u0219i modernizare a str\u0103zilor din centrul municipiului Ia\u0219i, incluse \u00een cadrul unui proiect mai amplu, care prevede reabilitarea infrstructurii rutiere din zona central\u0103 a ora\u0219ului. Acest lucru a presupus \u00eenchiderea circula\u021biei rutiere pe strada\u00a0 Ahatha B\u00e2rsescu, at\u00e2t pe por\u0163iunea cuprins\u0103 \u00eentre Teatrul Na\u0163ional \u015fi cl\u0103direa ce ad\u0103poste\u015fte Institu\u0163ia Arhitectului \u015eef, c\u00e2t \u015fi pe segmentul de drum dintre intersec\u0163ia cu str. Ion Baciu \u015fi gangul pietonal c\u0103tre Prefectur\u0103.\u00a0Durata lucr\u0103rilor este estimat\u0103 de autorit\u0103\u021bi la aproximativ o lun\u0103 \u015fi jum\u0103tate, timp \u00een care se vor men\u0163ine \u015fi modific\u0103rile \u00een trafic aplicate deja. Amenaj\u0103rile fac parte din ansamblul de lucr\u0103ri incluse \u00een proiectul privind cre\u015fterea accesibilit\u0103\u0163ii spre zona central\u0103 economic\u0103 \u015fi comercial\u0103 a Polului de Cre\u015ftere Ia\u015fi. Valoarea total\u0103 a proiectului este de 9.135.924 lei \u015fi const\u0103 \u00een refacerea re\u0163elei stradale (2.524 metri), reabilitarea a 3.390 mp de parc\u0103ri, modernizarea a 158 locuri de parcare, 15 dintre acestea fiind spa\u0163ii destinate persoanelor cu handicap, refacerea \u015fi modernizarea tramei stradale, inclusiv a trotuarelor. Proiectul include reabilitarea str\u0103zilor Costache Negri, Armean\u0103, Sf. Sava, Agatha B\u00e2rsescu, Dancu, Vovidenie, Vasile Stroescu, Maestrul Ion Baciu (fost\u0103 str. B\u0103ncii), Matei Millo, dar \u015fi strada \u015fi stradela B\u0103rboi. \u00cen cadrul proiectului, trei parc\u0103ri vor fi modernizate cu bani europeni: parcarea de l\u00e2ng\u0103 Teatrului Na\u0163ional, parcarea de pe strada Agatha B\u00e2rsescu, precum \u015fi cea aferent\u0103 intersec\u0163iei dintre strada Armean\u0103 \u015fi strada B\u0103rboi. La finalizarea lucr\u0103rilor, beneficiile vor fi fluidizarea traficului, cre\u015fterea siguran\u0163ei \u00een transport, reducerea consumului de carburan\u0163i auto precum \u015fi a timpului de c\u0103l\u0103torie, cre\u015fterea gradului de protec\u0163ie a persoanelor cu dizabilit\u0103\u0163i.\u00a0\u00cen paralel cu lucr\u0103rile de amenajare a str\u0103zilor din centrul istoric al Ia\u015fului, s-au \u00eenlocuit \u015fi conductele de pe magistrala II de termoficare, parte a unui alt program cu finan\u0163are european\u0103 derulat de Prim\u0103rie.<\/p>\n","protected":false},"excerpt":{"rendered":"<p>\u00cen aceast\u0103 perioad\u0103 continu\u0103 lucr\u0103rile de repara\u021bii \u0219i modernizare a str\u0103zilor din centrul municipiului Ia\u0219i,&#8230; <a class=\"meta-more\" href=\"https:\/\/infois.ro\/?p=12356\">more <span class=\"meta-nav\">&raquo;<\/span><\/a><\/p>\n","protected":false},"author":2,"featured_media":12357,"comment_status":"open","ping_status":"closed","sticky":false,"template":"","format":"standard","meta":{"footnotes":""},"categories":[1,41],"tags":[74,1400,5349,2476,296],"aioseo_notices":[],"_links":{"self":[{"href":"https:\/\/infois.ro\/index.php?rest_route=\/wp\/v2\/posts\/12356"}],"collection":[{"href":"https:\/\/infois.ro\/index.php?rest_route=\/wp\/v2\/posts"}],"about":[{"href":"https:\/\/infois.ro\/index.php?rest_route=\/wp\/v2\/types\/post"}],"author":[{"embeddable":true,"href":"https:\/\/infois.ro\/index.php?rest_route=\/wp\/v2\/users\/2"}],"replies":[{"embeddable":true,"href":"https:\/\/infois.ro\/index.php?rest_route=%2Fwp%2Fv2%2Fcomments&post=12356"}],"version-history":[{"count":1,"href":"https:\/\/infois.ro\/index.php?rest_route=\/wp\/v2\/posts\/12356\/revisions"}],"predecessor-version":[{"id":12358,"href":"https:\/\/infois.ro\/index.php?rest_route=\/wp\/v2\/posts\/12356\/revisions\/12358"}],"wp:featuredmedia":[{"embeddable":true,"href":"https:\/\/infois.ro\/index.php?rest_route=\/wp\/v2\/media\/12357"}],"wp:attachment":[{"href":"https:\/\/infois.ro\/index.php?rest_route=%2Fwp%2Fv2%2Fmedia&parent=12356"}],"wp:term":[{"taxonomy":"category","embeddable":true,"href":"https:\/\/infois.ro\/index.php?rest_route=%2Fwp%2Fv2%2Fcategories&post=12356"},{"taxonomy":"post_tag","embeddable":true,"href":"https:\/\/infois.ro\/index.php?rest_route=%2Fwp%2Fv2%2Ftags&post=12356"}],"curies":[{"name":"wp","href":"https:\/\/api.w.org\/{rel}","templated":true}]}}