{"id":1237,"date":"2012-07-30T15:33:03","date_gmt":"2012-07-30T12:33:03","guid":{"rendered":"http:\/\/infois.ro\/?p=1237"},"modified":"2012-07-30T15:33:03","modified_gmt":"2012-07-30T12:33:03","slug":"1-100-de-ieseni-si-au-preschimbat-cartile-de-identitate-cu-ocazia-referendumului","status":"publish","type":"post","link":"https:\/\/infois.ro\/?p=1237","title":{"rendered":"1.100 de ie\u015feni \u015fi-au preschimbat c\u0103r\u0163ile de identitate cu ocazia referendumului"},"content":{"rendered":"<p style=\"text-align: justify;\"><a class=\"highslide\" onclick=\"return vz.expand(this)\" href=\"http:\/\/infois.ro\/wp-content\/uploads\/2012\/07\/buletine1.jpg\"><img loading=\"lazy\" decoding=\"async\" class=\"alignnone size-large wp-image-1238\" title=\"buletine\" src=\"http:\/\/infois.ro\/wp-content\/uploads\/cache\/2012\/07\/buletine1\/2233647159.jpg\" alt=\"\" width=\"400\" height=\"300\" \/><\/a><\/p>\n<p style=\"text-align: justify;\">Peste o mie de ie\u015feni, a c\u0103ror acte de identitate au expirat, sau care erau \u00een perioada premerg\u0103toare expir\u0103rii duratei de valabilitate, \u015fi-au preschimbat documentele cu ocazia organiz\u0103rii referendumului de la sf\u00e2r\u015fitul s\u0103pt\u0103m\u00e2nii trecute. Astfel, dup\u0103 cum a declarat Marius Bodoga, directorul Direc\u0163iei Locale de Eviden\u0163\u0103 a Persoanei (DLEP), \u00een zilele de s\u00e2mb\u0103t\u0103, 28 iulie, \u015fi, respectiv, duminic\u0103, 29 iulie, institu\u0163ia pe care o conduce a eliberat 1.100 de c\u0103r\u0163i de identitate, dintre care 870 numai \u00een ziua referendumului.\u00a0\u00a0 \u201cCa de fiecare dat\u0103 c\u00e2nd se organizeaz\u0103 alegeri sau referendum, Serviciile de Eviden\u0163\u0103 a Persoanelor din \u00eentreaga \u0163ar\u0103 au program prelungit. A\u015fa a fost \u015fi \u00een cazul Serviciului de Eviden\u0163\u0103 a Persoanelor Ia\u015fi, c\u00e2nd s\u00e2mb\u0103t\u0103, 28 iulie, \u00a0angaja\u0163ii au lucrat \u00een intervalul orar 08.00-16.00, iar duminic\u0103, 29 iulie, \u00eentre orele 08.00-22.00. \u00cen cele dou\u0103 zile au fost eliberate \u00een total 1.100 acte de identitate, din care numai \u00een ziua referendumului au fost emise 870 de astfel de documente. \u00cei a\u015ftept\u0103m \u00een continuare pe ie\u015fenii care au actele de identitate expirate sau care urmeaz\u0103 s\u0103 expire \u00een urm\u0103toarele \u015fase luni s\u0103 solicite din timp preschimbarea acestora, mai ales c\u0103 va fi o perioad\u0103 destul de \u00eenc\u0103rcat\u0103, av\u00e2nd \u00een vedere \u015fi afluxul cet\u0103\u0163enilor din str\u0103in\u0103tate, din aceast\u0103 perioad\u0103\u201d,\u00a0a declarat\u00a0Marius Bodoga.<\/p>\n","protected":false},"excerpt":{"rendered":"<p>Peste o mie de ie\u015feni, a c\u0103ror acte de identitate au expirat, sau care erau&#8230; <a class=\"meta-more\" href=\"https:\/\/infois.ro\/?p=1237\">more <span class=\"meta-nav\">&raquo;<\/span><\/a><\/p>\n","protected":false},"author":2,"featured_media":1238,"comment_status":"open","ping_status":"open","sticky":false,"template":"","format":"standard","meta":{"footnotes":""},"categories":[1,41],"tags":[74,556,40,511],"aioseo_notices":[],"_links":{"self":[{"href":"https:\/\/infois.ro\/index.php?rest_route=\/wp\/v2\/posts\/1237"}],"collection":[{"href":"https:\/\/infois.ro\/index.php?rest_route=\/wp\/v2\/posts"}],"about":[{"href":"https:\/\/infois.ro\/index.php?rest_route=\/wp\/v2\/types\/post"}],"author":[{"embeddable":true,"href":"https:\/\/infois.ro\/index.php?rest_route=\/wp\/v2\/users\/2"}],"replies":[{"embeddable":true,"href":"https:\/\/infois.ro\/index.php?rest_route=%2Fwp%2Fv2%2Fcomments&post=1237"}],"version-history":[{"count":1,"href":"https:\/\/infois.ro\/index.php?rest_route=\/wp\/v2\/posts\/1237\/revisions"}],"predecessor-version":[{"id":1239,"href":"https:\/\/infois.ro\/index.php?rest_route=\/wp\/v2\/posts\/1237\/revisions\/1239"}],"wp:featuredmedia":[{"embeddable":true,"href":"https:\/\/infois.ro\/index.php?rest_route=\/wp\/v2\/media\/1238"}],"wp:attachment":[{"href":"https:\/\/infois.ro\/index.php?rest_route=%2Fwp%2Fv2%2Fmedia&parent=1237"}],"wp:term":[{"taxonomy":"category","embeddable":true,"href":"https:\/\/infois.ro\/index.php?rest_route=%2Fwp%2Fv2%2Fcategories&post=1237"},{"taxonomy":"post_tag","embeddable":true,"href":"https:\/\/infois.ro\/index.php?rest_route=%2Fwp%2Fv2%2Ftags&post=1237"}],"curies":[{"name":"wp","href":"https:\/\/api.w.org\/{rel}","templated":true}]}}