{"id":12435,"date":"2014-07-24T19:36:03","date_gmt":"2014-07-24T16:36:03","guid":{"rendered":"http:\/\/infois.ro\/?p=12435"},"modified":"2014-07-24T19:36:03","modified_gmt":"2014-07-24T16:36:03","slug":"a-inceput-turnarea-asfaltului-pe-pasajul-nicolina","status":"publish","type":"post","link":"https:\/\/infois.ro\/?p=12435","title":{"rendered":"A \u00eenceput turnarea asfaltului pe pasajul \u201dNicolina\u201d"},"content":{"rendered":"<p style=\"text-align: justify;\"><a class=\"highslide\" onclick=\"return vz.expand(this)\" href=\"http:\/\/infois.ro\/wp-content\/uploads\/2014\/07\/asfalt-pe-nicolina.jpg\"><img loading=\"lazy\" decoding=\"async\" class=\"alignleft  wp-image-12436\" title=\"asfalt-pe-nicolina\" src=\"http:\/\/infois.ro\/wp-content\/uploads\/cache\/2014\/07\/asfalt-pe-nicolina\/624893341.jpg\" alt=\"\" width=\"360\" height=\"239\" \/><\/a><\/p>\n<p style=\"text-align: justify;\">Lucr\u0103rile de consolidare \u0219i modernizare a pasajului suprateran \u201dNicolina\u201d, incluse \u00een cadrul proiectului de reabilitare \u0219i modernizare a infrastructurii pe axa sud a municipiului, se apropie de final, dup\u0103 ce \u00een cursul acestei s\u0103pt\u0103m\u00e2ni constructorul a reu\u015fit s\u0103 toarne ambele straturi de asfalt pe carosabilul aferent benzilor de circula\u0163ie dinspre Nicolina c\u0103tre Podu Ro\u015f. Straturile de asfalt reprezint\u0103 ultima etap\u0103 \u00een ceea ce prive\u015fte carosabilul de pe acest sector, ea fiind precedat\u0103 de completarea procedurilor de consolidare, turnarea unor noi pl\u0103ci de beton armat \u015fi montarea hidroizola\u0163iei \u015fi a sistemului de canalizare pentru preluarea apelor pluviale.\u00a0Lucr\u0103rile cele mai importante pe axa sud sunt concentrate \u00een aceast\u0103 perioad\u0103 pe pasarela Nicolina, pentru a se reda circula\u0163iei acest tronson. Odat\u0103 ce va fi eliberat carosabilul, circula\u0163ia auto se va muta pe acest sens \u015fi va intra \u00een \u015fantier partea median\u0103 a pasajului, pentru consolidarea \u015fi montarea noii linii de tramvai. \u00cen prezent, muncitorii lucreaz\u0103 la amenajarea trotuarelor de la pasaj, pentru ca \u00eentreg sectorul s\u0103 poat\u0103 fi redat \u00een cel mai scurt timp circula\u0163iei. Dup\u0103 cum au precizat reprezentan\u021bii municipalit\u0103\u021bii, pe traseul proiectului continu\u0103 \u00een aceste zile lucr\u0103rile de ridicare a capacelor de canal la nivelul carosabilului, de aceast\u0103 dat\u0103 fiind abordat tronsonul Rond Vechi CUG \u2013 Belvedere. Aceste lucr\u0103ri preg\u0103tesc turnarea pe tot traseul a stratului de uzur\u0103 a asfaltului.\u00a0Valoarea contractului (\u00een lei, f\u0103r\u0103 TVA) a proiectului privind dezvoltarea axei de transport sud a municipiului Ia\u015fi este de 65.246.541,78, modalit\u0103\u0163ile de finan\u0163are fiind: 2% bani de la bugetul local, 17,65% bani de la bugetul de stat, 80,35% fonduri structurale (fonduri europene nerambursabile). C\u00e2\u015ftig\u0103toare a licita\u0163iei a fost desemnat\u0103 asocierea de firme Viarom Construct SA, Mari Vila Com, Conest SA \u015fi Vectra Service SRL, durata de execu\u021bie a contractului fiind de 30 de luni, finalizarea lucr\u0103rilor fiind prev\u0103zut\u0103 pentru luna iulie 2015. Proiectul privind dezvoltarea axei de transport sud a municipiului Ia\u015fi este cel de-al cincilea lansat spre finan\u0163are de Prim\u0103rie pe Axa I din Planul Integrat de Dezvoltare a Polului de Cre\u015ftere (PIDPC) Ia\u015fi, acesta incluz\u00e2nd, printre altele, reabilitarea a 5,7 kilometri de strad\u0103,\u00a0 dintre care 1,2 kilometri din strada Nicolina \u015fi 2,7 kilometri din \u015foseaua Nicolina, reabilitarea \u015fi modernizarea a 8,2 kilometri de cale de rulare a tramvaielor. Totodat\u0103, va fi reabilitat\u0103 re\u0163eaua stradal\u0103, pe o suprafa\u0163\u0103 de 66.000 mp, vor fi moderniza\u0163i 30.000 mp de trotuare \u015fi va fi amenajat\u0103 o pist\u0103 pentru bicicli\u015fti cu o lungime de patru kilometri. Tot \u00een cadrul acestui proiect vor fi amenajate trasee pentru introducerea cablurilor de date, cu c\u0103mine de vizitare din 50 \u00een 50 de metri. \u00cen paralel cu reabilitarea infrastructurii rutiere vor avea loc lucr\u0103ri de \u00eenlocuire \u015fi consolidare a pl\u0103cilor pasajului suprateran \u201dNicolina\u201d, a pilonilor de sus\u0163inere \u015fi a parape\u0163ilor acestuia.<\/p>\n","protected":false},"excerpt":{"rendered":"<p>Lucr\u0103rile de consolidare \u0219i modernizare a pasajului suprateran \u201dNicolina\u201d, incluse \u00een cadrul proiectului de reabilitare&#8230; <a class=\"meta-more\" href=\"https:\/\/infois.ro\/?p=12435\">more <span class=\"meta-nav\">&raquo;<\/span><\/a><\/p>\n","protected":false},"author":2,"featured_media":12436,"comment_status":"open","ping_status":"closed","sticky":false,"template":"","format":"standard","meta":{"footnotes":""},"categories":[1,41],"tags":[74,3028,395,721,3936,296,3112],"aioseo_notices":[],"_links":{"self":[{"href":"https:\/\/infois.ro\/index.php?rest_route=\/wp\/v2\/posts\/12435"}],"collection":[{"href":"https:\/\/infois.ro\/index.php?rest_route=\/wp\/v2\/posts"}],"about":[{"href":"https:\/\/infois.ro\/index.php?rest_route=\/wp\/v2\/types\/post"}],"author":[{"embeddable":true,"href":"https:\/\/infois.ro\/index.php?rest_route=\/wp\/v2\/users\/2"}],"replies":[{"embeddable":true,"href":"https:\/\/infois.ro\/index.php?rest_route=%2Fwp%2Fv2%2Fcomments&post=12435"}],"version-history":[{"count":1,"href":"https:\/\/infois.ro\/index.php?rest_route=\/wp\/v2\/posts\/12435\/revisions"}],"predecessor-version":[{"id":12437,"href":"https:\/\/infois.ro\/index.php?rest_route=\/wp\/v2\/posts\/12435\/revisions\/12437"}],"wp:featuredmedia":[{"embeddable":true,"href":"https:\/\/infois.ro\/index.php?rest_route=\/wp\/v2\/media\/12436"}],"wp:attachment":[{"href":"https:\/\/infois.ro\/index.php?rest_route=%2Fwp%2Fv2%2Fmedia&parent=12435"}],"wp:term":[{"taxonomy":"category","embeddable":true,"href":"https:\/\/infois.ro\/index.php?rest_route=%2Fwp%2Fv2%2Fcategories&post=12435"},{"taxonomy":"post_tag","embeddable":true,"href":"https:\/\/infois.ro\/index.php?rest_route=%2Fwp%2Fv2%2Ftags&post=12435"}],"curies":[{"name":"wp","href":"https:\/\/api.w.org\/{rel}","templated":true}]}}