{"id":1249,"date":"2012-07-31T16:24:48","date_gmt":"2012-07-31T13:24:48","guid":{"rendered":"http:\/\/infois.ro\/?p=1249"},"modified":"2012-07-31T16:24:48","modified_gmt":"2012-07-31T13:24:48","slug":"cj-iasi-va-aloca-800-000-de-lei-pentru-lucrarile-de-reabiltare-a-uams-bivolari","status":"publish","type":"post","link":"https:\/\/infois.ro\/?p=1249","title":{"rendered":"CJ Ia\u015fi va aloca 800.000 de lei pentru lucr\u0103rile de reabiltare a UAMS Bivolari"},"content":{"rendered":"<p><a class=\"highslide\" onclick=\"return vz.expand(this)\" href=\"http:\/\/infois.ro\/wp-content\/uploads\/2012\/07\/pacient.jpg\"><img loading=\"lazy\" decoding=\"async\" class=\"alignnone size-large wp-image-1250\" title=\"pacient\" src=\"http:\/\/infois.ro\/wp-content\/uploads\/cache\/2012\/07\/pacient\/1437978319.jpg\" alt=\"\" width=\"400\" height=\"307\" \/><\/a><\/p>\n<p>Pe ordinea de zi a \u015fedin\u0163ei extraordinare de joi, 2 august, consilierii jude\u0163eni ie\u015feni urmeaz\u0103 s\u0103 se pronun\u0163e \u00een privin\u0163a aprob\u0103rii unui credit de angajament pe anul 2013, \u00een sum\u0103 de 832.705 lei (inclusiv TVA), pentru finan\u0163area lucr\u0103rilor de reabilitare a instala\u0163iilor termice \u015fi electrice de la Unitatea de Asisten\u0163\u0103 Medico-Social\u0103 (UAMS) Bivolari. Valoarea total\u0103 a proiectului este de aproximativ 1,2 milioane de lei (inclusiv TVA). \u201e\u00cen bugetul pe anul \u00een curs au fost prin\u015fi 368.000 de lei (inclusiv TVA), pentru \u00eentocmirea proiectului tehnic, detaliilor de execu\u0163ie, dezafectarea instala\u0163iei de \u00eenc\u0103lzire din centrala termic\u0103 \u015fi altele. \u00centruc\u00e2t acestea au fost realizate \u015fi pentru c\u0103 se dore\u015fte finalizarea lucr\u0103rilor \u00eentr-un termen c\u00e2t mai scurt, s-a luat decizia aprob\u0103rii unui credit de angajament\u201d, a declarat Marius P\u00e2rciu, purt\u0103torul de cuv\u00e2nt al Consiliului Jude\u0163ean (CJ) Ia\u015fi.\u00a0 \u00cen prezent, \u00een Unitatea de Asisten\u0163\u0103 Medico-Social\u0103 (UAMS) de la Bivolari, institu\u0163ie aflat\u0103 \u00een subordinea CJ sunt caza\u0163i 60 de pacien\u0163i, majoritatea \u00een v\u00e2rst\u0103, imobiliza\u0163i la pat, f\u0103r\u0103 venituri \u015fi f\u0103r\u0103 apar\u0163in\u0103tori, to\u0163i provenind din jude\u0163ul Ia\u015fi.<\/p>\n","protected":false},"excerpt":{"rendered":"<p>Pe ordinea de zi a \u015fedin\u0163ei extraordinare de joi, 2 august, consilierii jude\u0163eni ie\u015feni urmeaz\u0103&#8230; <a class=\"meta-more\" href=\"https:\/\/infois.ro\/?p=1249\">more <span class=\"meta-nav\">&raquo;<\/span><\/a><\/p>\n","protected":false},"author":2,"featured_media":1250,"comment_status":"open","ping_status":"open","sticky":false,"template":"","format":"standard","meta":{"footnotes":""},"categories":[1,41],"tags":[74,613,374],"aioseo_notices":[],"_links":{"self":[{"href":"https:\/\/infois.ro\/index.php?rest_route=\/wp\/v2\/posts\/1249"}],"collection":[{"href":"https:\/\/infois.ro\/index.php?rest_route=\/wp\/v2\/posts"}],"about":[{"href":"https:\/\/infois.ro\/index.php?rest_route=\/wp\/v2\/types\/post"}],"author":[{"embeddable":true,"href":"https:\/\/infois.ro\/index.php?rest_route=\/wp\/v2\/users\/2"}],"replies":[{"embeddable":true,"href":"https:\/\/infois.ro\/index.php?rest_route=%2Fwp%2Fv2%2Fcomments&post=1249"}],"version-history":[{"count":1,"href":"https:\/\/infois.ro\/index.php?rest_route=\/wp\/v2\/posts\/1249\/revisions"}],"predecessor-version":[{"id":1251,"href":"https:\/\/infois.ro\/index.php?rest_route=\/wp\/v2\/posts\/1249\/revisions\/1251"}],"wp:featuredmedia":[{"embeddable":true,"href":"https:\/\/infois.ro\/index.php?rest_route=\/wp\/v2\/media\/1250"}],"wp:attachment":[{"href":"https:\/\/infois.ro\/index.php?rest_route=%2Fwp%2Fv2%2Fmedia&parent=1249"}],"wp:term":[{"taxonomy":"category","embeddable":true,"href":"https:\/\/infois.ro\/index.php?rest_route=%2Fwp%2Fv2%2Fcategories&post=1249"},{"taxonomy":"post_tag","embeddable":true,"href":"https:\/\/infois.ro\/index.php?rest_route=%2Fwp%2Fv2%2Ftags&post=1249"}],"curies":[{"name":"wp","href":"https:\/\/api.w.org\/{rel}","templated":true}]}}