{"id":12516,"date":"2014-07-31T17:35:08","date_gmt":"2014-07-31T14:35:08","guid":{"rendered":"http:\/\/infois.ro\/?p=12516"},"modified":"2014-07-31T17:35:08","modified_gmt":"2014-07-31T14:35:08","slug":"un-nou-santier-va-fi-deschis-la-iasi-in-luna-august","status":"publish","type":"post","link":"https:\/\/infois.ro\/?p=12516","title":{"rendered":"Un nou \u0219antier va fi deschis la Ia\u0219i \u00een luna august"},"content":{"rendered":"<p style=\"text-align: justify;\"><a class=\"highslide\" onclick=\"return vz.expand(this)\" href=\"http:\/\/infois.ro\/wp-content\/uploads\/2014\/07\/pasaj1.jpg\"><img loading=\"lazy\" decoding=\"async\" class=\"alignleft  wp-image-12517\" title=\"pasaj\" src=\"http:\/\/infois.ro\/wp-content\/uploads\/cache\/2014\/07\/pasaj1\/2149229206.jpg\" alt=\"\" width=\"360\" height=\"235\" \/><\/a><\/p>\n<p style=\"text-align: justify;\">\u00cencep\u00e2nd din luna august, la Ia\u0219i va fi deschis un nou \u0219antier, \u00een cadrul proiectului european care prevede regenerarea urban\u0103 a axei culturale a municipiului. Astfel, lucr\u0103rile au \u00een vedere reabilitarea \u0219i modernizarea str\u0103zii L\u0103pu\u015fneanu, parcului \u201dMitocul Maicii Domnului\u201d, esplanada dintre strada Independen\u0163ei \u015fi Pia\u0163a Unirii, dar \u015fi pasajul pietonal subteran din zon\u0103. Dup\u0103 cum a declarat vicepriamrul Mihai Chirica, cele mai importante lucr\u0103ri constau \u00een modificarea pavimentului pe celebra strad\u0103 de promenad\u0103 a Ia\u015fului \u015fi instalarea unui mobilier urban de epoc\u0103. Lucr\u0103rile prev\u0103zute \u00een proiect urmeaz\u0103 s\u0103 fie finalizate \u00een termen de 13 luni de la debutul \u015fantierului, valoarea total\u0103 a proiectului ridic\u00e2ndu-se la 13,6 milioane lei. Potrivit proiectului, regenerarea urban\u0103 se va desf\u0103\u015fura pe o suprafa\u0163\u0103 de 52.000 de metri p\u0103tra\u0163i. \u201dAtacarea lucr\u0103rilor se va face pe toate fronturile. Avem acolo trei obiective importante: strada L\u0103pu\u015fneanu, restul de Pia\u0163a Unirii \u015fi pasajul. Aceast\u0103 lucrare va fi abordat\u0103 \u00een integralitatea ei, pentru c\u0103 sunt categorii de lucr\u0103ri total diferite, f\u0103r\u0103 a afecta traficul pietonal. Disconfort va fi creat la partea comercial\u0103 pentru c\u0103, ap\u0103r\u00e2nd asemenea lucr\u0103ri, accesul va fi \u00eengreunat. \u00cen cusul s\u0103pt\u0103m\u00e2nii trecute, s-au trimis notific\u0103ri la fiecare societate comercial\u0103 inform\u00e2nd c\u0103 \u00een luna august \u00eencepem lucr\u0103rile pe L\u0103pu\u015fneanu \u015fi Pia\u0163a Unirii, astfel \u00eenc\u00e2t societ\u0103\u0163ile s\u0103 nu-\u015fi creeze stocuri de marf\u0103 pe care s\u0103 nu le poat\u0103 valorifica\u201c, a afirmat viceprimarul Mihai Chirica. Lucr\u0103rile de pe strada L\u0103pu\u015fneanu presupun decaparea asfaltului actual, instalarea re\u0163elei pentru ape pluviale \u015fi instalarea tubulaturii pentru re\u0163elele electrice \u015fi de telecomunica\u0163ii. \u00cen final, strada L\u0103pu\u015feanu va deveni un pietonal complet f\u0103r\u0103 trotuare, pavat cu pl\u0103ci de granit. \u201dAsfaltul pe strada L\u0103pu\u015fneanu se va desface gradual. Are prev\u0103zut un placaj cu dale de granit de format A4, cu rigol\u0103 axial\u0103 pentru scurgerea apelor pluviale \u015fi preluarea lor mai departe \u00een re\u0163ea. Nu vor fi trotuare, va fi o singur\u0103 platform\u0103 de tip pietonal. Nu vom mai permite circula\u0163ia auto, toat\u0103 aprovizionarea este prin spate\u201c, a precizat edilul. La r\u00e2ndul s\u0103u, Parcul \u201dMitocul Maicii Domnului\u201d, situate \u00eentre strada L\u0103pu\u015fneanu \u015fi Bulevardul Independen\u021bei, va fi redesenat \u015fi reamenajat. Traseul aleilor va fi schimbat par\u0163ial, iar spa\u0163iile verzi vor fi replantate. Parcarea de la fostul sediu Romtelecom va intra \u015fi ea \u00een modernizare, prin reconfigurarea locurilor de parcare \u015fi \u00eenfiin\u0163area unor spa\u0163ii verzi \u00een zona de acces spre bulevardul Independen\u0163ei. Esplanada Pia\u0163a Unirii este un alt obiectiv al proiectului. Pe zona de leg\u0103tur\u0103 dintre Hotelul \u201dUnirea\u201d \u015fi Pia\u0163a Independen\u0163ei va fi ref\u0103cut pavimentul \u015fi zonele de acces \u015fi vor fi amenajate dou\u0103 f\u00e2nt\u00e2ni arteziene \u00een cascad\u0103. De asemenea, va fi schimbat mobilierul urban. Prin acela\u015fi proiect european va fi modernizat pasajul pietonal subteran din Pia\u0163a Unirii. O modificare important\u0103 vizeaz\u0103 asigurarea accesului persoanelor cu dizabilit\u0103\u0163i. La accesul dinspre Pia\u0163a Unirii, precum \u015fi pe cel din preajma blocului \u201dJunimea\u201d vor fi montate lifturi, iar \u00een zona Palatului Braunstein va fi amplasat\u0103 o platform\u0103 elevatoare.<\/p>\n","protected":false},"excerpt":{"rendered":"<p>\u00cencep\u00e2nd din luna august, la Ia\u0219i va fi deschis un nou \u0219antier, \u00een cadrul proiectului&#8230; <a class=\"meta-more\" href=\"https:\/\/infois.ro\/?p=12516\">more <span class=\"meta-nav\">&raquo;<\/span><\/a><\/p>\n","protected":false},"author":2,"featured_media":12517,"comment_status":"open","ping_status":"closed","sticky":false,"template":"","format":"standard","meta":{"footnotes":""},"categories":[1,41],"tags":[74,395,40,477,296,3112,5397,2849],"aioseo_notices":[],"_links":{"self":[{"href":"https:\/\/infois.ro\/index.php?rest_route=\/wp\/v2\/posts\/12516"}],"collection":[{"href":"https:\/\/infois.ro\/index.php?rest_route=\/wp\/v2\/posts"}],"about":[{"href":"https:\/\/infois.ro\/index.php?rest_route=\/wp\/v2\/types\/post"}],"author":[{"embeddable":true,"href":"https:\/\/infois.ro\/index.php?rest_route=\/wp\/v2\/users\/2"}],"replies":[{"embeddable":true,"href":"https:\/\/infois.ro\/index.php?rest_route=%2Fwp%2Fv2%2Fcomments&post=12516"}],"version-history":[{"count":1,"href":"https:\/\/infois.ro\/index.php?rest_route=\/wp\/v2\/posts\/12516\/revisions"}],"predecessor-version":[{"id":12518,"href":"https:\/\/infois.ro\/index.php?rest_route=\/wp\/v2\/posts\/12516\/revisions\/12518"}],"wp:featuredmedia":[{"embeddable":true,"href":"https:\/\/infois.ro\/index.php?rest_route=\/wp\/v2\/media\/12517"}],"wp:attachment":[{"href":"https:\/\/infois.ro\/index.php?rest_route=%2Fwp%2Fv2%2Fmedia&parent=12516"}],"wp:term":[{"taxonomy":"category","embeddable":true,"href":"https:\/\/infois.ro\/index.php?rest_route=%2Fwp%2Fv2%2Fcategories&post=12516"},{"taxonomy":"post_tag","embeddable":true,"href":"https:\/\/infois.ro\/index.php?rest_route=%2Fwp%2Fv2%2Ftags&post=12516"}],"curies":[{"name":"wp","href":"https:\/\/api.w.org\/{rel}","templated":true}]}}