{"id":1252,"date":"2012-07-31T16:28:45","date_gmt":"2012-07-31T13:28:45","guid":{"rendered":"http:\/\/infois.ro\/?p=1252"},"modified":"2012-07-31T16:28:45","modified_gmt":"2012-07-31T13:28:45","slug":"a-fost-stabilit-programul-platilor-pentru-presedintii-si-membrii-sectiilor-de-votare-de-la-referendum","status":"publish","type":"post","link":"https:\/\/infois.ro\/?p=1252","title":{"rendered":"A fost stabilit programul pl\u0103\u0163ilor pentru pre\u015fedin\u0163ii \u015fi membrii sec\u0163iilor de votare de la referendum"},"content":{"rendered":"<p style=\"text-align: justify;\"><a class=\"highslide\" onclick=\"return vz.expand(this)\" href=\"http:\/\/infois.ro\/wp-content\/uploads\/2012\/07\/referendum1.jpg\"><img loading=\"lazy\" decoding=\"async\" class=\"alignnone size-large wp-image-1253\" title=\"referendum\" src=\"http:\/\/infois.ro\/wp-content\/uploads\/cache\/2012\/07\/referendum1\/3471984837.jpg\" alt=\"\" width=\"600\" height=\"450\" \/><\/a><\/p>\n<p style=\"text-align: justify;\">Conducerea Prefecturii a stabilit programul de derularare a pl\u0103\u0163ilor c\u0103tre pre\u015fedin\u0163ii \u015fi membrii sec\u0163iilor de votare din jude\u0163ul Ia\u015fi, cu ocazia referendumului din 29 iulie. Potrivit subprefectului Bogdan Ab\u0103la\u015fi, miercuri, 1 august, la Camera nr. 9 din cadrul Institu\u0163iei Prefectului Jude\u0163ului Ia\u015fi sunt a\u015ftepta\u0163i s\u0103-\u015fi ridice banii pre\u015fedin\u0163ii \u015fi membrii sec\u0163iilor de votare din municipiul Ia\u015fi de la sec\u0163iile de votare nr. 1 \u015fi p\u00e2n\u0103 la nr. 80. Tot miercuri, 1 august, la Camera nr. 16 din cadrul Institu\u0163iei Prefectului Jude\u0163ului Ia\u015fi sunt a\u015ftepta\u0163i s\u0103-\u015fi ridice banii pre\u015fedin\u0163ii \u015fi membrii sec\u0163iilor de votare din sec\u0163iile de votare care au func\u0163ionat \u00een comunele care \u00eencep cu litera \u201eA\u201d \u015fi p\u00e2n\u0103 la cele cu litera \u201eD\u201d, inclusiv. Joi, 2 august, la Camera nr. 9 sunt a\u015ftepta\u0163i pre\u015fedin\u0163ii \u015fi membrii sec\u0163iilor de votare din municipiul Ia\u015fi de la sec\u0163iile de votare nr. 81 \u015fi p\u00e2n\u0103 la 150, inclusiv, \u00een timp ce la Camera nr. 16 sunt a\u015ftepta\u0163i s\u0103-\u015fi ridice banii pre\u015fedin\u0163ii \u015fi membrii sec\u0163iilor de votare din comunele care \u00eencep cu litera \u201eE\u201d p\u00e2n\u0103 la litera \u201eP\u201d, inclusiv. Vineri, 3 august, pl\u0103\u0163ile se vor \u00eencheia cu pre\u015fedin\u0163ii \u015fi membrii sec\u0163iilor de votare din sec\u0163iile de votare din municipiul Ia\u015fi (de la nr. 151 \u015fi p\u00e2n\u0103 la 236, inclusiv), respectiv cu cei de la comunele cu litera \u201eR\u201d \u015fi p\u00e2n\u0103 la litera \u201eV\u201d, inclusiv. Programul \u00een care pre\u015fedin\u0163ii \u015fi membrii sec\u0163iilor de votare din municipiu \u015fi jude\u0163 \u00ee\u015fi vor putea ridica banii este de miercuri p\u00e2n\u0103 vineri, inclusiv, \u00eentre orele 10.00 \u2013 12.30, respectiv \u00eentre orele 13.00 \u2013 17.00. \u201ePotrivit legii, pre\u015fedintele unei sec\u0163ii de votare va primi suma de 224 de lei net, \u00een timp ce membrul unei sec\u0163ii de votare va fi recompensat cu suma de 153 de lei net\u201d, a precizat subprefectul Bogdan Ab\u0103la\u015fi.<\/p>\n","protected":false},"excerpt":{"rendered":"<p>Conducerea Prefecturii a stabilit programul de derularare a pl\u0103\u0163ilor c\u0103tre pre\u015fedin\u0163ii \u015fi membrii sec\u0163iilor de&#8230; <a class=\"meta-more\" href=\"https:\/\/infois.ro\/?p=1252\">more <span class=\"meta-nav\">&raquo;<\/span><\/a><\/p>\n","protected":false},"author":2,"featured_media":1253,"comment_status":"open","ping_status":"open","sticky":false,"template":"","format":"standard","meta":{"footnotes":""},"categories":[1,41],"tags":[614,446,511],"aioseo_notices":[],"_links":{"self":[{"href":"https:\/\/infois.ro\/index.php?rest_route=\/wp\/v2\/posts\/1252"}],"collection":[{"href":"https:\/\/infois.ro\/index.php?rest_route=\/wp\/v2\/posts"}],"about":[{"href":"https:\/\/infois.ro\/index.php?rest_route=\/wp\/v2\/types\/post"}],"author":[{"embeddable":true,"href":"https:\/\/infois.ro\/index.php?rest_route=\/wp\/v2\/users\/2"}],"replies":[{"embeddable":true,"href":"https:\/\/infois.ro\/index.php?rest_route=%2Fwp%2Fv2%2Fcomments&post=1252"}],"version-history":[{"count":1,"href":"https:\/\/infois.ro\/index.php?rest_route=\/wp\/v2\/posts\/1252\/revisions"}],"predecessor-version":[{"id":1254,"href":"https:\/\/infois.ro\/index.php?rest_route=\/wp\/v2\/posts\/1252\/revisions\/1254"}],"wp:featuredmedia":[{"embeddable":true,"href":"https:\/\/infois.ro\/index.php?rest_route=\/wp\/v2\/media\/1253"}],"wp:attachment":[{"href":"https:\/\/infois.ro\/index.php?rest_route=%2Fwp%2Fv2%2Fmedia&parent=1252"}],"wp:term":[{"taxonomy":"category","embeddable":true,"href":"https:\/\/infois.ro\/index.php?rest_route=%2Fwp%2Fv2%2Fcategories&post=1252"},{"taxonomy":"post_tag","embeddable":true,"href":"https:\/\/infois.ro\/index.php?rest_route=%2Fwp%2Fv2%2Ftags&post=1252"}],"curies":[{"name":"wp","href":"https:\/\/api.w.org\/{rel}","templated":true}]}}