{"id":12672,"date":"2014-08-12T13:10:37","date_gmt":"2014-08-12T10:10:37","guid":{"rendered":"http:\/\/infois.ro\/?p=12672"},"modified":"2014-08-12T13:10:37","modified_gmt":"2014-08-12T10:10:37","slug":"iesenii-care-au-liber-pe-transportul-in-comun-vor-beneficia-in-continuare-de-aceasta-masura","status":"publish","type":"post","link":"https:\/\/infois.ro\/?p=12672","title":{"rendered":"Ie\u0219enii care au \u201dliber pe transportul \u00een comun\u201d vor beneficia, \u00een continuare, de aceast\u0103 m\u0103sur\u0103"},"content":{"rendered":"<p style=\"text-align: justify;\"><a class=\"highslide\" onclick=\"return vz.expand(this)\" href=\"http:\/\/infois.ro\/wp-content\/uploads\/2014\/08\/transport.gif\"><img loading=\"lazy\" decoding=\"async\" class=\"alignleft  wp-image-12674\" title=\"transport\" src=\"http:\/\/infois.ro\/wp-content\/uploads\/cache\/2014\/08\/transport\/1963715719.png\" alt=\"\" width=\"360\" height=\"225\" \/><\/a><\/p>\n<p style=\"text-align: justify;\">Conducerea Prim\u0103riei municipiului Ia\u0219i asigur\u0103 toate persoanele care beneficiaz\u0103 de \u201dliber pe transportul \u00een comun\u201d c\u0103 m\u0103sura va fi p\u0103strat\u0103 \u00een continuare, indiferent de numele operatorului de transport. \u201dTransportul public are, pe l\u00e2ng\u0103 componenta economic\u0103, \u0219i o component social\u0103, asumat\u0103 explicit at\u00e2t de operator, c\u00e2t \u0219i de primarul Gheorghe Nichita. De aceea, toate categoriile defavorizate care au nevoie de transportul public vor fi sprijinite \u00een continuare, f\u0103r\u0103 ca acest lucru s\u0103 afecteze \u00een vreun fel bugetul operatorului\u201d, se precizeaz\u0103 \u00eentr-un comunicat al Biroului de pres\u0103 al Prim\u0103riei municipiului Ia\u0219i. \u201dDac\u0103 lu\u0103m o m\u0103sur\u0103 de ajutor, trebuie s\u0103 o lu\u0103m p\u00e2n\u0103 la cap\u0103t. Este absurd s\u0103 obligi pensionarii s\u0103 circule cu tramvaiul sau autobuzul strict \u00eentre anumite ore, ca de altfel pe orice cet\u0103\u021bean. Consiliul Local a aprobat subven\u021bia pentru decontarea transportului persoanelor cu o situa\u021bie dificil\u0103, iar m\u0103sura se aplic\u0103 indiferent de numele operatorului\u201d, a declarat viceprimarul Mihai Chirica. Potrivit edilului, transportul public din municipiul Ia\u0219i este \u00een acest moment \u00een plin proces de reform\u0103 \u0219i modernizare. C\u0103ile de rulare ale tramvaielor sunt ref\u0103cute cu fonduri europene nerambursabile, iar tot cu fonduri europene vor fi achizi\u021bionate noi mijloace de transport, urm\u00e2nd ca prin reorganizarea traseelor, operatorul de transport public s\u0103 eficientizeze fluxul financiar, iar subventia asigurat\u0103 de c\u0103tre municipalitate va permite acordarea \u00een continuare de facilit\u0103\u021bi. \u201dSpre deosebire de colegii liberali, care se g\u00e2ndesc exclusiv la profit, noi avem dreptul \u0219i obliga\u021bia de a veni \u00een ajutorul tuturor categoriilor defavorizate. \u00cei asigur pe pensionarii din municipiul Ia\u0219i c\u0103 drepturile lor nu vor fi afectate\u201d, a mai spus viceprimarul Mihai Chirica.<\/p>\n","protected":false},"excerpt":{"rendered":"<p>Conducerea Prim\u0103riei municipiului Ia\u0219i asigur\u0103 toate persoanele care beneficiaz\u0103 de \u201dliber pe transportul \u00een comun\u201d&#8230; <a class=\"meta-more\" href=\"https:\/\/infois.ro\/?p=12672\">more <span class=\"meta-nav\">&raquo;<\/span><\/a><\/p>\n","protected":false},"author":2,"featured_media":12674,"comment_status":"open","ping_status":"closed","sticky":false,"template":"","format":"standard","meta":{"footnotes":""},"categories":[1,41],"tags":[74,40,5451,1594,296,1593],"aioseo_notices":[],"_links":{"self":[{"href":"https:\/\/infois.ro\/index.php?rest_route=\/wp\/v2\/posts\/12672"}],"collection":[{"href":"https:\/\/infois.ro\/index.php?rest_route=\/wp\/v2\/posts"}],"about":[{"href":"https:\/\/infois.ro\/index.php?rest_route=\/wp\/v2\/types\/post"}],"author":[{"embeddable":true,"href":"https:\/\/infois.ro\/index.php?rest_route=\/wp\/v2\/users\/2"}],"replies":[{"embeddable":true,"href":"https:\/\/infois.ro\/index.php?rest_route=%2Fwp%2Fv2%2Fcomments&post=12672"}],"version-history":[{"count":1,"href":"https:\/\/infois.ro\/index.php?rest_route=\/wp\/v2\/posts\/12672\/revisions"}],"predecessor-version":[{"id":12675,"href":"https:\/\/infois.ro\/index.php?rest_route=\/wp\/v2\/posts\/12672\/revisions\/12675"}],"wp:featuredmedia":[{"embeddable":true,"href":"https:\/\/infois.ro\/index.php?rest_route=\/wp\/v2\/media\/12674"}],"wp:attachment":[{"href":"https:\/\/infois.ro\/index.php?rest_route=%2Fwp%2Fv2%2Fmedia&parent=12672"}],"wp:term":[{"taxonomy":"category","embeddable":true,"href":"https:\/\/infois.ro\/index.php?rest_route=%2Fwp%2Fv2%2Fcategories&post=12672"},{"taxonomy":"post_tag","embeddable":true,"href":"https:\/\/infois.ro\/index.php?rest_route=%2Fwp%2Fv2%2Ftags&post=12672"}],"curies":[{"name":"wp","href":"https:\/\/api.w.org\/{rel}","templated":true}]}}