{"id":12736,"date":"2014-08-17T14:02:51","date_gmt":"2014-08-17T11:02:51","guid":{"rendered":"http:\/\/infois.ro\/?p=12736"},"modified":"2014-08-17T14:02:51","modified_gmt":"2014-08-17T11:02:51","slug":"noi-locuri-de-parcare-scoase-la-licitatie-de-primarie-2","status":"publish","type":"post","link":"https:\/\/infois.ro\/?p=12736","title":{"rendered":"Noi locuri de parcare, scoase la licita\u021bie de Prim\u0103rie"},"content":{"rendered":"<p style=\"text-align: justify;\"><a class=\"highslide\" onclick=\"return vz.expand(this)\" href=\"http:\/\/infois.ro\/wp-content\/uploads\/2014\/08\/parcare.jpg\"><img loading=\"lazy\" decoding=\"async\" class=\"alignleft  wp-image-12737\" title=\"parcare\" src=\"http:\/\/infois.ro\/wp-content\/uploads\/cache\/2014\/08\/parcare\/3231677275.jpg\" alt=\"\" width=\"360\" height=\"239\" \/><\/a><\/p>\n<p style=\"text-align: justify;\">Prim\u0103ria municipiului Ia\u0219i anun\u021b\u0103 scoaterea la licita\u0163ie a unor noi locuri de parcare. Astfel, \u00een data de 18.08.2014, de la ora 14.00, va avea loc licita\u0163ia public\u0103 cu strigare pentru \u00eenchirierea unui num\u0103r de 14 locuri de parcare, av\u00e2nd numerele 1 \u2013 14, situate \u00een str. Atelierului nr. 3. Imobilele cu drept de participare la licita\u0163ie sunt blocurile A9COLT, A10 \u015fi A11, iar data limit\u0103 de depunere a dosarelor este 14.08.2014, ora 13.00. De asemenea, \u00een data de 20.08.2014, la ora 14.00, va avea loc licita\u0163ia public\u0103 cu strigare pentru \u00eenchirierea unui num\u0103r de 17 locuri de parcare cu numerele 1 \u2013 17 situate \u00een str. Salciilor nr. 20. Imobilele cu drept de participare la licita\u0163ie sunt blocurile 813, 815, 817 \u015fi 818, data limit\u0103 de depunere a dosarelor fiind 19.08.2014, ora 13.00. Alte dou\u0103 locuri de parcare vor fi scoase la licita\u0163ie \u00een data de 21.08.2014, \u00a0ora 14.00, acestea av\u00e2nd numerele 2 \u015fi 7, fiind situate \u00een b-dul N. Iorga nr. 51 B. Imobilele cu drept de participare la licita\u0163ie sunt blocurile A7, R3, K2.\u00a0Data limit\u0103 de depunere a dosarelor este 20.08.2014, ora 11.00. Toate licita\u0163iile se vor desf\u0103\u015fura la sediul DAPPP din str. Sm\u00e2rdan nr. 5, et. III. Rela\u0163ii suplimentare privind procurarea documenta\u0163iei \u015fi condi\u0163iile de participare se pot ob\u0163ine de la DAPPP, \u00a0str. Sm\u00e2rdan nr. 5, cam. 9, parter, telefon 0232\/264.246, int. 22.<\/p>\n","protected":false},"excerpt":{"rendered":"<p>Prim\u0103ria municipiului Ia\u0219i anun\u021b\u0103 scoaterea la licita\u0163ie a unor noi locuri de parcare. Astfel, \u00een&#8230; <a class=\"meta-more\" href=\"https:\/\/infois.ro\/?p=12736\">more <span class=\"meta-nav\">&raquo;<\/span><\/a><\/p>\n","protected":false},"author":2,"featured_media":12737,"comment_status":"open","ping_status":"closed","sticky":false,"template":"","format":"standard","meta":{"footnotes":""},"categories":[1,41],"tags":[74,846,2476,296],"aioseo_notices":[],"_links":{"self":[{"href":"https:\/\/infois.ro\/index.php?rest_route=\/wp\/v2\/posts\/12736"}],"collection":[{"href":"https:\/\/infois.ro\/index.php?rest_route=\/wp\/v2\/posts"}],"about":[{"href":"https:\/\/infois.ro\/index.php?rest_route=\/wp\/v2\/types\/post"}],"author":[{"embeddable":true,"href":"https:\/\/infois.ro\/index.php?rest_route=\/wp\/v2\/users\/2"}],"replies":[{"embeddable":true,"href":"https:\/\/infois.ro\/index.php?rest_route=%2Fwp%2Fv2%2Fcomments&post=12736"}],"version-history":[{"count":1,"href":"https:\/\/infois.ro\/index.php?rest_route=\/wp\/v2\/posts\/12736\/revisions"}],"predecessor-version":[{"id":12738,"href":"https:\/\/infois.ro\/index.php?rest_route=\/wp\/v2\/posts\/12736\/revisions\/12738"}],"wp:featuredmedia":[{"embeddable":true,"href":"https:\/\/infois.ro\/index.php?rest_route=\/wp\/v2\/media\/12737"}],"wp:attachment":[{"href":"https:\/\/infois.ro\/index.php?rest_route=%2Fwp%2Fv2%2Fmedia&parent=12736"}],"wp:term":[{"taxonomy":"category","embeddable":true,"href":"https:\/\/infois.ro\/index.php?rest_route=%2Fwp%2Fv2%2Fcategories&post=12736"},{"taxonomy":"post_tag","embeddable":true,"href":"https:\/\/infois.ro\/index.php?rest_route=%2Fwp%2Fv2%2Ftags&post=12736"}],"curies":[{"name":"wp","href":"https:\/\/api.w.org\/{rel}","templated":true}]}}