{"id":1282,"date":"2012-08-04T13:24:41","date_gmt":"2012-08-04T10:24:41","guid":{"rendered":"http:\/\/infois.ro\/?p=1282"},"modified":"2012-08-04T13:24:41","modified_gmt":"2012-08-04T10:24:41","slug":"cj-iasi-a-alocat-23-de-milioane-de-lei-pentru-deblocarea-lucrarilor-la-sistemul-de-management-integrat-al-deseurilor","status":"publish","type":"post","link":"https:\/\/infois.ro\/?p=1282","title":{"rendered":"CJ Ia\u015fi a alocat 23 de milioane de lei pentru deblocarea lucr\u0103rilor la sistemul de management integrat al de\u015feurilor"},"content":{"rendered":"<p style=\"text-align: justify;\"><a class=\"highslide\" onclick=\"return vz.expand(this)\" href=\"http:\/\/infois.ro\/wp-content\/uploads\/2012\/08\/deseuri.jpg\"><img loading=\"lazy\" decoding=\"async\" class=\"alignnone size-large wp-image-1283\" title=\"deseuri\" src=\"http:\/\/infois.ro\/wp-content\/uploads\/cache\/2012\/08\/deseuri\/3894287192.jpg\" alt=\"\" width=\"605\" height=\"443\" \/><\/a><\/p>\n<p style=\"text-align: justify;\">\u00centruni\u0163i joi, 2 august, \u00een \u015fedin\u0163\u0103 extraordinar\u0103, consilierii jude\u0163eni ie\u015feni au aprobat alocarea sumei de 23 de milioane de lei pentru demararea proiectului privind gestionarea de\u015feurilor menajere \u00een jude\u0163ul Ia\u015fi. Proiectul &#8220;Sistemul de management integrat al de\u015feurilor \u00een jude\u0163ul Ia\u015fi&#8221; a fost deblocat \u00een urma \u00eent\u00e2lnirii pe care pre\u015fedintele Consiliului Jude\u0163ean Ia\u015fi, Cristian Adomni\u0163ei, \u015fi reprezentan\u0163i ai Direc\u0163iei Proiecte \u015fi Dezvoltare Durabil\u0103 au avut-o, s\u0103pt\u0103m\u00e2na trecut\u0103, la Bucure\u015fti, cu ministrul Mediului, Rovana Plumb, \u015fi al\u0163i factori decizionali de la nivel central. Tot \u00een cadrul \u015fedin\u0163ei de ieri, consilierii au aprobat alte dou\u0103 hot\u0103r\u00e2ri privind \u201eSISTEMUL DE MANAGEMENT INTEGRAT AL DE\u015eEURILOR \u00ceN JUDE\u0162UL IA\u015eI\u201d, neceare \u00een vederea aprob\u0103rii documenta\u0163iei pentru ob\u0163inerea cererii de finan\u0163are de la Comisia European\u0103. \u00a0Valoarea total\u0103 a proiectului \u201eSistemul de management integrat al de\u015feurilor \u00een jude\u0163ul Ia\u015fi\u201d (cheltuieli eligibile plus cheltuieli neeligibile) este de 69.350.207 euro, din care: costuri eligibile: finan\u0163are nerambursabil\u0103 UE: 42.232.195 euro, contribu\u0163ia CJ Ia\u015fi la finan\u021barea costurilor eligibile: 5.023.589 euro, contribu\u021bia na\u0163ional\u0103 la finan\u021barea costurilor eligibile: 7.839.509 euro &#8211; total costuri eligibile : 55.095.293 euro. Contribu\u021bia jude\u0163ului Ia\u0219i la finan\u021barea costurilor neeligibile, inclusiv TVA:\u00a0 14.254.914 euro. Proiectul\u00a0\u00ab\u00a0Sistemul de Management Integrat al De\u0218eurilor \u00cen jude\u021aul Ia\u0218i\u00a0\u00bb cuprinde urm\u0103toarele obiective de investi\u021bii\u00a0: Sta\u021bia de transfer B\u0103l\u0163a\u021bi; Sta\u021bia de transfer \u0219i sortare Ruginoasa; Sta\u021bia de sortare \u021au\u021bora (construc\u021bie nou\u0103); Sta\u021bia de Tratare Mecano-Biologic\u0103 \u021au\u021bora; Construirea subcompartimentului 3 al depozitului ecologic \u021au\u021bora; \u00cenchiderea depozitelor neconforme: Pa\u0219cani &#8211; Valea Seac\u0103, T\u00e2rgu Frumos \u2013 Ad\u00e2ncata, H\u00e2rlau \u0219i Tome\u0219ti; Finalizarea sta\u021biei de compostare \u0219i a sta\u021biei de sortare de la \u021au\u021bora; Pubele \u0219i containere pentru colectarea de\u0219eurilor \u00een jude\u021bul Ia\u0219i; Vehicule de lung curier pentru transportarea de\u0219eurilor la facilit\u0103\u021bi.<\/p>\n","protected":false},"excerpt":{"rendered":"<p>\u00centruni\u0163i joi, 2 august, \u00een \u015fedin\u0163\u0103 extraordinar\u0103, consilierii jude\u0163eni ie\u015feni au aprobat alocarea sumei de&#8230; <a class=\"meta-more\" href=\"https:\/\/infois.ro\/?p=1282\">more <span class=\"meta-nav\">&raquo;<\/span><\/a><\/p>\n","protected":false},"author":2,"featured_media":1283,"comment_status":"open","ping_status":"open","sticky":false,"template":"","format":"standard","meta":{"footnotes":""},"categories":[1,41],"tags":[74,374,576,628],"aioseo_notices":[],"_links":{"self":[{"href":"https:\/\/infois.ro\/index.php?rest_route=\/wp\/v2\/posts\/1282"}],"collection":[{"href":"https:\/\/infois.ro\/index.php?rest_route=\/wp\/v2\/posts"}],"about":[{"href":"https:\/\/infois.ro\/index.php?rest_route=\/wp\/v2\/types\/post"}],"author":[{"embeddable":true,"href":"https:\/\/infois.ro\/index.php?rest_route=\/wp\/v2\/users\/2"}],"replies":[{"embeddable":true,"href":"https:\/\/infois.ro\/index.php?rest_route=%2Fwp%2Fv2%2Fcomments&post=1282"}],"version-history":[{"count":1,"href":"https:\/\/infois.ro\/index.php?rest_route=\/wp\/v2\/posts\/1282\/revisions"}],"predecessor-version":[{"id":1284,"href":"https:\/\/infois.ro\/index.php?rest_route=\/wp\/v2\/posts\/1282\/revisions\/1284"}],"wp:featuredmedia":[{"embeddable":true,"href":"https:\/\/infois.ro\/index.php?rest_route=\/wp\/v2\/media\/1283"}],"wp:attachment":[{"href":"https:\/\/infois.ro\/index.php?rest_route=%2Fwp%2Fv2%2Fmedia&parent=1282"}],"wp:term":[{"taxonomy":"category","embeddable":true,"href":"https:\/\/infois.ro\/index.php?rest_route=%2Fwp%2Fv2%2Fcategories&post=1282"},{"taxonomy":"post_tag","embeddable":true,"href":"https:\/\/infois.ro\/index.php?rest_route=%2Fwp%2Fv2%2Ftags&post=1282"}],"curies":[{"name":"wp","href":"https:\/\/api.w.org\/{rel}","templated":true}]}}