{"id":1285,"date":"2012-08-04T13:29:26","date_gmt":"2012-08-04T10:29:26","guid":{"rendered":"http:\/\/infois.ro\/?p=1285"},"modified":"2012-08-04T13:30:50","modified_gmt":"2012-08-04T10:30:50","slug":"cj-iasi-a-amanat-aprobarea-contractarii-creditului-necesar-pentru-reabilitarea-uams-bivolari","status":"publish","type":"post","link":"https:\/\/infois.ro\/?p=1285","title":{"rendered":"CJ Ia\u015fi a am\u00e2nat aprobarea contract\u0103rii creditului necesar pentru reabilitarea UAMS Bivolari"},"content":{"rendered":"<p style=\"text-align: justify;\"><a class=\"highslide\" onclick=\"return vz.expand(this)\" href=\"http:\/\/infois.ro\/wp-content\/uploads\/2012\/08\/batrana.jpg\"><img loading=\"lazy\" decoding=\"async\" class=\"alignnone size-large wp-image-1286\" title=\"batrana\" src=\"http:\/\/infois.ro\/wp-content\/uploads\/cache\/2012\/08\/batrana\/2489616893.jpg\" alt=\"\" width=\"400\" height=\"300\" \/><\/a><\/p>\n<p style=\"text-align: justify;\">Consilierii jude\u0163eni ie\u015feni vor lua o decizie \u00een leg\u0103tur\u0103 cu posibilitatea contract\u0103rii de c\u0103tre Legislativul local a unui credit de angajament pe anul 2013, \u00een valoare de 832.705 lei (inclusiv TVA), necesar pentru\u00a0 finan\u0163area lucr\u0103rilor de reabilitare a instala\u0163iilor termice \u015fi electrice de la Unitatea de Asisten\u0163\u0103 Medico-Social\u0103 (UAMS) de la Bivolari, \u00een cadrul \u015fedin\u0163ei ordinare de la sf\u00e2r\u015fitul lunii august. \u00centrunit joi, 2 august, \u00een \u015fedin\u0163\u0103 extraordinar\u0103, plenul Consiliului Jude\u0163ean a am\u00e2nat pentru data de 30 august pronun\u0163area \u00een privin\u0163a acestui punct de pe ordinea de zi, motivul care a condus la luarea acestei decizii constituindu-l faptul c\u0103 cei mai mul\u0163i dintre consilieri au considerat c\u0103 au nevoie de date suplimentare pentru a se pronun\u0163a \u00een leg\u0103tur\u0103 cu contractarea creditului. Valoarea total\u0103 a proiectului care prevede reabilitarea \u015fi modernizarea instala\u0163iilor electrice \u015fi termice de la Unitatea de Asisten\u0163\u0103 Medico-Social\u0103 de la Bivolari se ridic\u0103 la suma de 1,2 milioane de lei (inclusiv TVA). \u00cen bugetul pe anul 2012, Consiliul Jude\u0163ean Ia\u015fi a prin suma de 368.000 de lei (inclusiv TVA), pentru \u00eentocmirea proiectului tehnic, detaliilor de execu\u0163ie, precum \u015fi pentru dezafectarea instala\u0163iei de \u00eenc\u0103lzire de la centrala termic\u0103 de la UAMS Bivolari, diferen\u0163a de bani necesar\u0103 pentru finalizarea tuturor lucr\u0103rilor prev\u0103zute \u00een proeict urm\u00e2nd s\u0103 fie asigurat\u0103 \u00een urma contract\u0103rii unui credit de angajament de c\u0103tre CJ. \u00cen prezent, \u00een Unitatea de Asisten\u0163\u0103 Medico-Social\u0103 (UAMS) de la Bivolari, institu\u0163ie aflat\u0103 \u00een subordinea CJ Ia\u015fi, sunt caza\u0163i 60 de pacien\u0163i, majoritatea \u00een v\u00e2rst\u0103, imobiliza\u0163i la pat, f\u0103r\u0103 venituri \u015fi f\u0103r\u0103 apar\u0163in\u0103tori legali.<\/p>\n","protected":false},"excerpt":{"rendered":"<p>Consilierii jude\u0163eni ie\u015feni vor lua o decizie \u00een leg\u0103tur\u0103 cu posibilitatea contract\u0103rii de c\u0103tre Legislativul&#8230; <a class=\"meta-more\" href=\"https:\/\/infois.ro\/?p=1285\">more <span class=\"meta-nav\">&raquo;<\/span><\/a><\/p>\n","protected":false},"author":2,"featured_media":1286,"comment_status":"open","ping_status":"open","sticky":false,"template":"","format":"standard","meta":{"footnotes":""},"categories":[1,41],"tags":[74,374,629],"aioseo_notices":[],"_links":{"self":[{"href":"https:\/\/infois.ro\/index.php?rest_route=\/wp\/v2\/posts\/1285"}],"collection":[{"href":"https:\/\/infois.ro\/index.php?rest_route=\/wp\/v2\/posts"}],"about":[{"href":"https:\/\/infois.ro\/index.php?rest_route=\/wp\/v2\/types\/post"}],"author":[{"embeddable":true,"href":"https:\/\/infois.ro\/index.php?rest_route=\/wp\/v2\/users\/2"}],"replies":[{"embeddable":true,"href":"https:\/\/infois.ro\/index.php?rest_route=%2Fwp%2Fv2%2Fcomments&post=1285"}],"version-history":[{"count":3,"href":"https:\/\/infois.ro\/index.php?rest_route=\/wp\/v2\/posts\/1285\/revisions"}],"predecessor-version":[{"id":1288,"href":"https:\/\/infois.ro\/index.php?rest_route=\/wp\/v2\/posts\/1285\/revisions\/1288"}],"wp:featuredmedia":[{"embeddable":true,"href":"https:\/\/infois.ro\/index.php?rest_route=\/wp\/v2\/media\/1286"}],"wp:attachment":[{"href":"https:\/\/infois.ro\/index.php?rest_route=%2Fwp%2Fv2%2Fmedia&parent=1285"}],"wp:term":[{"taxonomy":"category","embeddable":true,"href":"https:\/\/infois.ro\/index.php?rest_route=%2Fwp%2Fv2%2Fcategories&post=1285"},{"taxonomy":"post_tag","embeddable":true,"href":"https:\/\/infois.ro\/index.php?rest_route=%2Fwp%2Fv2%2Ftags&post=1285"}],"curies":[{"name":"wp","href":"https:\/\/api.w.org\/{rel}","templated":true}]}}