{"id":1306,"date":"2012-08-07T11:34:42","date_gmt":"2012-08-07T08:34:42","guid":{"rendered":"http:\/\/infois.ro\/?p=1306"},"modified":"2012-08-07T11:34:42","modified_gmt":"2012-08-07T08:34:42","slug":"din-cauza-caniculei-circulatia-autovehiculelor-de-mare-tonaj-a-fost-interzisa-in-municipiul-iasi","status":"publish","type":"post","link":"https:\/\/infois.ro\/?p=1306","title":{"rendered":"Din cauza caniculei, circula\u0163ia autovehiculelor de mare tonaj a fost interzis\u0103 \u00een municipiul Ia\u015fi"},"content":{"rendered":"<p style=\"text-align: justify;\"><a class=\"highslide\" onclick=\"return vz.expand(this)\" href=\"http:\/\/infois.ro\/wp-content\/uploads\/2012\/08\/circulatie-mare-tonaj.jpg\"><img loading=\"lazy\" decoding=\"async\" class=\"alignnone size-large wp-image-1307\" title=\"circulatie mare tonaj\" src=\"http:\/\/infois.ro\/wp-content\/uploads\/cache\/2012\/08\/circulatie-mare-tonaj\/1118288107.jpg\" alt=\"\" width=\"555\" height=\"400\" \/><\/a><\/p>\n<p style=\"text-align: justify;\">Ca urmare a avertiz\u0103rii de cod portocaliu de canicul\u0103, emise de meteorologi, valabil\u0103 pentru 6 \u015fi 7 august, conducerea Prim\u0103riei ie\u015fene a luat m\u0103sura de a interzice circula\u0163ia autovehiculelor de mare tonaj pe raza municipiului \u00een aceste zile. \u201cPentru c\u0103 de luni, 6 august, s-a anun\u0163at cod portocaliu de canicul\u0103 \u00een jude\u0163ul Ia\u015fi, pe l\u00e2ng\u0103 asigurarea apei \u00een zonele climatizate, respectiv \u00een supermarketuri \u015fi mall-uri, am luat decizia s\u0103 interzicem traficul greu pe str\u0103zile din municipiul Ia\u015fi. \u00cen perioada canicular\u0103, astfel de autovehicule vor putea circula numai pe timpul nop\u0163ii \u015fi a dimine\u0163ii, pentru a proteja re\u0163eaua stradal\u0103\u201d,\u00a0a declarat viceprimarul Mihai Chirica. Reprezentantul municipalit\u0103\u0163ii a mai spus c\u0103 \u00eencep\u00e2nd din aceast\u0103 s\u0103pt\u0103m\u00e2n\u0103, programul de func\u0163ionare a f\u00e2nt\u00e2nilor arteziene din ora\u015f va fi prelungit. \u201cCei de la Salubris vor intensifica procesul de udare a str\u0103zilor. De asemenea, \u00een aceste zile vor continua m\u0103surile de supraveghere a acestor activit\u0103\u0163i, urm\u00e2nd s\u0103 fie prelungit inclusiv programul de func\u0163ionare a f\u00e2ntanilor, p\u00e2n\u0103 la ora 24.00\u201d,\u00a0a precizat Mihai Chirica. Reamintim c\u0103 meteorologii au emis ieri o avertizare cod portocaliu de canicul\u0103 \u015fi disconfort termic pentru 22 de jude\u0163e din estul \u015fi sudul \u0163\u0103rii, inclusiv pentru jude\u0163ul Ia\u015f, precum \u015fi pentru Capital\u0103. Potrivit avertiz\u0103rii transmise de Administra\u0163ia Na\u0163ional\u0103 de Meteorologie (ANM), luni, 6 august, \u015fi mar\u0163i, 7 august, canicula se va intensifica \u00een regiunile sudice \u015fi estice, unde disconfortul termic va fi deosebit de accentuat, iar indicele temperatur\u0103-umezeal\u0103 (ITU) se va situa peste pragul critic de 80 de unit\u0103\u0163i. Avertizarea de cod portocaliu de canicul\u0103 este valabila pentru jude\u0163ele Mehedin\u0163i, Gorj, Dolj, Olt, V\u00e2lcea, Arge\u015f, Teleorman, Giurgiu, Ilfov, D\u00e2mbovi\u0163a, Prahova, Buz\u0103u, Ialomi\u0163a, C\u0103l\u0103ra\u015fi, Br\u0103ila, Gala\u0163i, Vrancea, Bac\u0103u, Vaslui, Neam\u0163, Ia\u015fi, Boto\u015fani \u015fi municipiul Bucure\u015fti. \u00cen aceste zone, temperaturile maxime vor atinge \u015fi chiar dep\u0103\u015fi \u00een perioada 6-7 august valoarea de 39-40 de grade Celsius.<\/p>\n","protected":false},"excerpt":{"rendered":"<p>Ca urmare a avertiz\u0103rii de cod portocaliu de canicul\u0103, emise de meteorologi, valabil\u0103 pentru 6&#8230; <a class=\"meta-more\" href=\"https:\/\/infois.ro\/?p=1306\">more <span class=\"meta-nav\">&raquo;<\/span><\/a><\/p>\n","protected":false},"author":2,"featured_media":1307,"comment_status":"open","ping_status":"open","sticky":false,"template":"","format":"standard","meta":{"footnotes":""},"categories":[1,41],"tags":[74,379,477],"aioseo_notices":[],"_links":{"self":[{"href":"https:\/\/infois.ro\/index.php?rest_route=\/wp\/v2\/posts\/1306"}],"collection":[{"href":"https:\/\/infois.ro\/index.php?rest_route=\/wp\/v2\/posts"}],"about":[{"href":"https:\/\/infois.ro\/index.php?rest_route=\/wp\/v2\/types\/post"}],"author":[{"embeddable":true,"href":"https:\/\/infois.ro\/index.php?rest_route=\/wp\/v2\/users\/2"}],"replies":[{"embeddable":true,"href":"https:\/\/infois.ro\/index.php?rest_route=%2Fwp%2Fv2%2Fcomments&post=1306"}],"version-history":[{"count":1,"href":"https:\/\/infois.ro\/index.php?rest_route=\/wp\/v2\/posts\/1306\/revisions"}],"predecessor-version":[{"id":1308,"href":"https:\/\/infois.ro\/index.php?rest_route=\/wp\/v2\/posts\/1306\/revisions\/1308"}],"wp:featuredmedia":[{"embeddable":true,"href":"https:\/\/infois.ro\/index.php?rest_route=\/wp\/v2\/media\/1307"}],"wp:attachment":[{"href":"https:\/\/infois.ro\/index.php?rest_route=%2Fwp%2Fv2%2Fmedia&parent=1306"}],"wp:term":[{"taxonomy":"category","embeddable":true,"href":"https:\/\/infois.ro\/index.php?rest_route=%2Fwp%2Fv2%2Fcategories&post=1306"},{"taxonomy":"post_tag","embeddable":true,"href":"https:\/\/infois.ro\/index.php?rest_route=%2Fwp%2Fv2%2Ftags&post=1306"}],"curies":[{"name":"wp","href":"https:\/\/api.w.org\/{rel}","templated":true}]}}