{"id":13114,"date":"2014-09-10T19:14:24","date_gmt":"2014-09-10T16:14:24","guid":{"rendered":"http:\/\/infois.ro\/?p=13114"},"modified":"2014-09-10T19:14:24","modified_gmt":"2014-09-10T16:14:24","slug":"a-fost-semnat-contractul-de-executie-a-primului-parc-agro-industrial-din-regiunea-de-nord-est","status":"publish","type":"post","link":"https:\/\/infois.ro\/?p=13114","title":{"rendered":"A fost semnat contractul de execu\u021bie a primului parc agro-industrial din Regiunea de Nord-Est"},"content":{"rendered":"<p style=\"text-align: justify;\"><a class=\"highslide\" onclick=\"return vz.expand(this)\" href=\"http:\/\/infois.ro\/wp-content\/uploads\/2014\/09\/parcul-transagropolis-letca.jpg\"><img loading=\"lazy\" decoding=\"async\" class=\"alignleft  wp-image-13115\" title=\"parcul-transagropolis-letca\" src=\"http:\/\/infois.ro\/wp-content\/uploads\/cache\/2014\/09\/parcul-transagropolis-letca\/2255479531.jpg\" alt=\"\" width=\"360\" height=\"218\" \/><\/a><\/p>\n<p style=\"text-align: justify;\">\u00cen prezen\u021ba pre\u0219edintelui Consiliului Jude\u021bean (CJ) Ia\u0219i, Cristian Adomni\u021bei, miercuri, 10 septembrie, a avut loc semnarea oficial\u0103 a contractului de execu\u0163ie a lucr\u0103rilor la Parcul agro-industrial \u201dTransAgropolis \u2013 Transfrontier Agribusiness Support\u201d. La eveniment, care a avut loc \u00een Parcul Central din Le\u0163cani, au participat Stelian Turcu, primarul comunei Le\u0163cani, Iurie Toma, pre\u015fedintele raionului Ungheni (Republica Moldova), Valeriu Muduc, pre\u015fedintele raionului F\u0103le\u015fti (Republica Moldova), Sebastian Costea, directorul Departamentului Programului Opera\u0163ional Comun Rom\u00e2nia-Ucraina-Republica Moldova 2007-2013 din cadrul Biroului Regional pentru Cooperare Transfrontalier\u0103 Rom\u00e2nia \u2013 Republica Moldova Ia\u015fi, precum \u0219i reprezentan\u021bii SC Conest SA Ia\u015fi, firma care a c\u00e2\u015ftigat licita\u0163ia de execu\u0163ie a lucr\u0103rilor. Investi\u0163ia se ridic\u0103 la suma de 4,3 milioane euro, din care 2,8 milioane de euro reprezint\u0103 fonduri europene. Parcul agroindustrial urmeaz\u0103 s\u0103 fie construit pe o suprafa\u0163\u0103 de dou\u0103 hectare, care au fost puse la dispozi\u0163ie de Consiliul Local Le\u0163cani, acesta incluz\u00e2nd un spa\u0163iu de produc\u0163ie principal \u2013 cu linii de procesare \u015fi zona de desfacere \u015fi prezentare \u2013 \u015fi un centru de suport pentru afaceri. Beneficiarii proiectului sunt 331 de produc\u0103tori agricoli \u015fi 30 de firme din industria alimentar\u0103 din jude\u0163ul Ia\u015fi, 84 de produc\u0103tori \u015fi firme din raionul Ungheni, 87 de produc\u0103tori din raionul F\u0103le\u015fti \u015fi 788 din regiunea Vinnitsa (Ucraina). Valoarea contractului semnat miercuri este de 18.033.135 lei (inclusiv TVA). Termenul de execu\u0163ie a lucr\u0103rilor este de opt luni de la ordinul de \u00eencepere a lucr\u0103rilor, iar perioada de garan\u0163ie a lucr\u0103rilor de cinci ani de la data procesului verbal de recep\u0163ie la terminarea lucr\u0103rilor. \u201dTransagropolis \u00eenseamn\u0103 startul relans\u0103rii agriculturii din Jude\u0163ul Ia\u015fi \u015fi al transform\u0103rii acestuia \u00eentr-un pol agroindustrial. Parcul de la Le\u0163cani este doar \u00eenceputul. \u00cen jurul lui vrem s\u0103 dezvolt\u0103m o infrastructur\u0103 care s\u0103 sus\u0163in\u0103 produc\u0103torii agricoli din Rom\u00e2nia, Republica Moldova \u015fi Ucraina. Vom ob\u0163ine astfel o mai bun\u0103 valorificare a produc\u0163iei agricole, cre\u015fterea valorii terenului prin investi\u0163ii \u015fi dezvoltarea re\u0163elelor de contact \u00eentre produc\u0103tori, procesatori \u015fi pie\u0163e. Proiectul va genera o cre\u015ftere economic\u0103 local\u0103 \u015fi locuri de munc\u0103. Produc\u0103torii vor putea depozita produsele la Le\u0163cani \u015fi le vor putea vinde iarna \u015fi prim\u0103vara \u00een lan\u0163urile marilor magazine, c\u00e2nd pre\u0163urile vor fi mai bune. Anul viitor, la \u00eenceputul lunii mai, va avea loc inaugurarea investi\u0163iei. Felicit \u00eentreaga echip\u0103 care a muncit la acest proiect, partenerii, Biroul Regional pentru Cooperare Transfrontalier\u0103 Ia\u015fi \u015fi, nu \u00een ultimul r\u00e2nd, Agen\u0163ia pentru Dezvoltare Regional\u0103 Nord-Est\u201d, a declarat Cristian Adomni\u021bei, pre\u015fedintele CJ Ia\u0219i.<\/p>\n","protected":false},"excerpt":{"rendered":"<p>\u00cen prezen\u021ba pre\u0219edintelui Consiliului Jude\u021bean (CJ) Ia\u0219i, Cristian Adomni\u021bei, miercuri, 10 septembrie, a avut loc&#8230; <a class=\"meta-more\" href=\"https:\/\/infois.ro\/?p=13114\">more <span class=\"meta-nav\">&raquo;<\/span><\/a><\/p>\n","protected":false},"author":2,"featured_media":13115,"comment_status":"open","ping_status":"closed","sticky":false,"template":"","format":"standard","meta":{"footnotes":""},"categories":[6,41],"tags":[74,374,395,541,5629,1301],"aioseo_notices":[],"_links":{"self":[{"href":"https:\/\/infois.ro\/index.php?rest_route=\/wp\/v2\/posts\/13114"}],"collection":[{"href":"https:\/\/infois.ro\/index.php?rest_route=\/wp\/v2\/posts"}],"about":[{"href":"https:\/\/infois.ro\/index.php?rest_route=\/wp\/v2\/types\/post"}],"author":[{"embeddable":true,"href":"https:\/\/infois.ro\/index.php?rest_route=\/wp\/v2\/users\/2"}],"replies":[{"embeddable":true,"href":"https:\/\/infois.ro\/index.php?rest_route=%2Fwp%2Fv2%2Fcomments&post=13114"}],"version-history":[{"count":1,"href":"https:\/\/infois.ro\/index.php?rest_route=\/wp\/v2\/posts\/13114\/revisions"}],"predecessor-version":[{"id":13116,"href":"https:\/\/infois.ro\/index.php?rest_route=\/wp\/v2\/posts\/13114\/revisions\/13116"}],"wp:featuredmedia":[{"embeddable":true,"href":"https:\/\/infois.ro\/index.php?rest_route=\/wp\/v2\/media\/13115"}],"wp:attachment":[{"href":"https:\/\/infois.ro\/index.php?rest_route=%2Fwp%2Fv2%2Fmedia&parent=13114"}],"wp:term":[{"taxonomy":"category","embeddable":true,"href":"https:\/\/infois.ro\/index.php?rest_route=%2Fwp%2Fv2%2Fcategories&post=13114"},{"taxonomy":"post_tag","embeddable":true,"href":"https:\/\/infois.ro\/index.php?rest_route=%2Fwp%2Fv2%2Ftags&post=13114"}],"curies":[{"name":"wp","href":"https:\/\/api.w.org\/{rel}","templated":true}]}}