{"id":1312,"date":"2012-08-08T10:29:39","date_gmt":"2012-08-08T07:29:39","guid":{"rendered":"http:\/\/infois.ro\/?p=1312"},"modified":"2012-08-08T10:29:39","modified_gmt":"2012-08-08T07:29:39","slug":"autoritatile-iesene-au-reactivat-planul-de-masuri-pentru-diminuarea-efectelor-provocate-de-canicula","status":"publish","type":"post","link":"https:\/\/infois.ro\/?p=1312","title":{"rendered":"Autorit\u0103\u0163ile ie\u015fene au reactivat planul de m\u0103suri pentru diminuarea efectelor provocate de canicul\u0103"},"content":{"rendered":"<p style=\"text-align: justify;\"><a class=\"highslide\" onclick=\"return vz.expand(this)\" href=\"http:\/\/infois.ro\/wp-content\/uploads\/2012\/08\/plan-de-masuri-anticanicula.jpg\"><img loading=\"lazy\" decoding=\"async\" class=\"alignnone size-large wp-image-1313\" title=\"plan de masuri anticanicula\" src=\"http:\/\/infois.ro\/wp-content\/uploads\/cache\/2012\/08\/plan-de-masuri-anticanicula\/139754775.jpg\" alt=\"\" width=\"635\" height=\"426\" \/><\/a><\/p>\n<p style=\"text-align: justify;\">Av\u00e2nd \u00een vedere Codul portocaliu de canicul\u0103, emis de Administra\u0163ia Na\u0163ional\u0103 de Meteorologie pentru perioada 6 \u2013 7 august 2012, Comitetul Local pentru Situa\u0163ii de Urgen\u0163\u0103 a pus \u00een aplicare Planul de M\u0103suri pentru diminuarea efectelor provocate de vremea canicular\u0103 asupra popula\u0163iei municipiului Ia\u015fi. Astfel, dup\u0103 cum se precizeaz\u0103 \u00eentr-un comunicat al Biroului de pres\u0103 al Prim\u0103riei, a fost emis\u0103 o dispozi\u0163ie prin care, \u00een zilele de 6 \u015fi 7 august, \u00een municipiul Ia\u015fi a fost interzis\u0103 circula\u0163ia vehiculelor cu masa total\u0103 maxim\u0103 autorizat\u0103 mai mare de 7,5 tone, \u00een intervalul orar 16.00 \u2013 20.00 (\u00een data de 6 august) \u015fi \u00eentre orele 11.00 \u2013 20.00 (\u00een ziua de 7 august), restric\u0163ia urm\u00e2nd s\u0103 fie ridicat\u0103 imediat ce temperaturile vor intra \u00een normal. Direc\u0163ia de Asisten\u0163\u0103 Comunitar\u0103 a furnizat \u00een zilele de 6 \u015fi 7 august c\u00e2te doi litri de ap\u0103 mineral\u0103 unui num\u0103r de 250 de persoane v\u00e2rstnice aflate \u00een imposibilitatea de a se deplasa. La acestea se adaug\u0103 alte 250 de persoane beneficiare de servicii \u00een cluburile de pensionari, 200 de persoane f\u0103r\u0103 ad\u0103post \u015fi 20 de mame cu copii aflate \u00een dificultate, care, de asemenea, au beneficiat de ap\u0103 mineral\u0103. Acolo unde au fost solicit\u0103ri, s-au efectuat cump\u0103r\u0103turi la domiciliu pentru persoanele nedeplasabile. Regia Autonom\u0103 de Transport Public (RATP) a asigurat \u00een aceste zile, la capetele de traseu, ap\u0103 rece, at\u00e2t pentru conduc\u0103torii vehiculelor de transport \u00een comun, c\u00e2t \u015fi pentru pasageri. De asemenea, \u00een aceast\u0103 perioad\u0103, toate f\u00e2nt\u00e2nile arteziene din ora\u015f au func\u0163ionat p\u00e2n\u0103 la ora 24.00. La \u015etrandul Municipal \u015fi la Plaja Nicolina au fost amenajate punctele de prim ajutor cu medicamente care s-au administrat cet\u0103\u0163enilor \u00een cazul apari\u0163iei unor tulbur\u0103ri de s\u0103n\u0103tate cauzate de vremea canicular\u0103. De asemenea, au fost afi\u015fate aten\u0163ion\u0103ri privind modul de expunere la soare \u00een zilele cu disconfort termic accentuat. La toate cele cinci Centre de cartier ale Prim\u0103riei au fost distribui\u0163i 48 de litri de ap\u0103 mineral\u0103, cantitate dubl\u0103 fa\u0163\u0103 de cea furnizat\u0103 \u00een mod obi\u015fnuit pentru un cod galben de canicul\u0103. S.C. Salubris S.A., \u00eempreun\u0103 cu Poli\u0163ia local\u0103, au asigurat supravegherea cursurilor de ap\u0103 de pe raza municipiului, \u00een vederea protej\u0103rii acestora \u00eempotriva polu\u0103rii \u015fi depozit\u0103rii gunoaielor. De asemenea, efectivele Poli\u0163iei Locale au patrulat 24 de ore din 24, identific\u00e2nd persoanele f\u0103r\u0103 ad\u0103post aflate pe str\u0103zi \u015fi dirij\u00e2ndu-le c\u0103tre ad\u0103posturile municipalit\u0103\u0163ii.\u00a0\u00a0Direc\u0163ia de Servicii Publice Municipale (DSPM) a asigurat \u00een interiorul cimitirelor puncte de sprijin pentru cei care \u00eent\u00e2mpin\u0103 probleme din cauza caniculei. De asemenea, \u00een toate pie\u0163ele agroalimentare din Ia\u015fi au fost amenajate loca\u0163ii pentru furnizarea apei potabile c\u0103tre popula\u0163ie, iar \u00een fiecare hal\u0103 de lactate a func\u0163ionat aerul condi\u0163ionat. Cu sprijinul Direc\u0163iei de S\u0103n\u0103tate Public\u0103 (DSP, \u00een cele cinci Centre de cartier ale Prim\u0103riei \u015fi la Centrul de Informa\u0163ii pentru Cet\u0103\u0163eni (CIC) au fost distribuite pliante \u00een care sunt prezentate modurile de protejare \u00een timpul caniculei, \u00een a\u015fa fel \u00eenc\u00e2t cet\u0103\u0163enii s\u0103 fie informa\u0163i asupra prevenirii eventualelor probleme de s\u0103n\u0103tate cauzate de temperaturile extreme. \u201ePrim\u0103ria municipiului Ia\u015fi va continua s\u0103 supravegheze permanent situa\u0163ia generat\u0103 de acest fenomen meteorologic extrem, depun\u00e2nd toate eforturile pentru ca efectele acestuia s\u0103 fie c\u00e2t mai pu\u0163in resim\u0163ite de c\u0103tre cet\u0103\u0163enii ora\u015fului\u201d, se arat\u0103 \u00een comunicatul Biroului de pres\u0103 al Prim\u0103riei. Potrivit meteorologilor, mar\u0163i, 7 august, la orele dup\u0103 amiezii, temperatura la umbr\u0103, \u00eenregistrat\u0103 la Ia\u015fi, a urcat p\u00e2n\u0103 la 41 de grade Celsius, una dintre cele mai ridicate din ultimul secol.<\/p>\n","protected":false},"excerpt":{"rendered":"<p>Av\u00e2nd \u00een vedere Codul portocaliu de canicul\u0103, emis de Administra\u0163ia Na\u0163ional\u0103 de Meteorologie pentru perioada&#8230; <a class=\"meta-more\" href=\"https:\/\/infois.ro\/?p=1312\">more <span class=\"meta-nav\">&raquo;<\/span><\/a><\/p>\n","protected":false},"author":2,"featured_media":1313,"comment_status":"open","ping_status":"open","sticky":false,"template":"","format":"standard","meta":{"footnotes":""},"categories":[1,41],"tags":[74,379,40],"aioseo_notices":[],"_links":{"self":[{"href":"https:\/\/infois.ro\/index.php?rest_route=\/wp\/v2\/posts\/1312"}],"collection":[{"href":"https:\/\/infois.ro\/index.php?rest_route=\/wp\/v2\/posts"}],"about":[{"href":"https:\/\/infois.ro\/index.php?rest_route=\/wp\/v2\/types\/post"}],"author":[{"embeddable":true,"href":"https:\/\/infois.ro\/index.php?rest_route=\/wp\/v2\/users\/2"}],"replies":[{"embeddable":true,"href":"https:\/\/infois.ro\/index.php?rest_route=%2Fwp%2Fv2%2Fcomments&post=1312"}],"version-history":[{"count":1,"href":"https:\/\/infois.ro\/index.php?rest_route=\/wp\/v2\/posts\/1312\/revisions"}],"predecessor-version":[{"id":1314,"href":"https:\/\/infois.ro\/index.php?rest_route=\/wp\/v2\/posts\/1312\/revisions\/1314"}],"wp:featuredmedia":[{"embeddable":true,"href":"https:\/\/infois.ro\/index.php?rest_route=\/wp\/v2\/media\/1313"}],"wp:attachment":[{"href":"https:\/\/infois.ro\/index.php?rest_route=%2Fwp%2Fv2%2Fmedia&parent=1312"}],"wp:term":[{"taxonomy":"category","embeddable":true,"href":"https:\/\/infois.ro\/index.php?rest_route=%2Fwp%2Fv2%2Fcategories&post=1312"},{"taxonomy":"post_tag","embeddable":true,"href":"https:\/\/infois.ro\/index.php?rest_route=%2Fwp%2Fv2%2Ftags&post=1312"}],"curies":[{"name":"wp","href":"https:\/\/api.w.org\/{rel}","templated":true}]}}