{"id":13286,"date":"2014-09-18T20:28:06","date_gmt":"2014-09-18T17:28:06","guid":{"rendered":"http:\/\/infois.ro\/?p=13286"},"modified":"2014-09-18T20:28:06","modified_gmt":"2014-09-18T17:28:06","slug":"primaria-scoate-la-licitatie-alte-93-de-locuri-de-parcare-de-resedinta","status":"publish","type":"post","link":"https:\/\/infois.ro\/?p=13286","title":{"rendered":"Prim\u0103ria scoate la licita\u021bie alte 93 de locuri de parcare de re\u0219edin\u021b\u0103"},"content":{"rendered":"<p style=\"text-align: justify;\"><a class=\"highslide\" onclick=\"return vz.expand(this)\" href=\"http:\/\/infois.ro\/wp-content\/uploads\/2014\/09\/parcare.jpg\"><img loading=\"lazy\" decoding=\"async\" class=\"alignleft  wp-image-13287\" title=\"parcare\" src=\"http:\/\/infois.ro\/wp-content\/uploads\/cache\/2014\/09\/parcare\/1861741258.jpg\" alt=\"\" width=\"360\" height=\"203\" \/><\/a><\/p>\n<p style=\"text-align: justify;\">\u00cen urm\u0103toarele dou\u0103 s\u0103pt\u0103m\u00e2ni, Prim\u0103ria municipiului Ia\u0219i va scoate la licita\u0163ie pentru \u00eenchiriere un num\u0103r de 93 de locuri de parcare de re\u015fedin\u0163\u0103. Dup\u0103 cum au precizat reprezentan\u021bii Direc\u0163iei de Administrare a Patrimoniului Public \u015fi Privat (DAPPP), locurile d eparcare scoase la licita\u021bie sunt situate \u00een cartierele Alexandru cel Bun, P\u0103curari, precum \u0219i \u00een zona central\u0103 a municipiului. Locurile pot fi rezervate de proprietarii de autovehicule care locuiesc \u00een vecin\u0103tatea spa\u0163iilor scoase la licita\u0163ie. Prima ac\u021biune de acest fel va avea loc luni, 22 septembrie, c\u00e2nd urmeaz\u0103 s\u0103 fie organizat\u0103 licita\u0163ia public\u0103 cu strigare pentru \u00eenchirierea a 43 locuri de parcare din str. Voievozilor nr. 26. La aceast\u0103 procedur\u0103 pot participa ie\u015fenii care domiciliaz\u0103 \u00een blocurile A12, A13, A14, C4 \u015fi U3 bis. Va urma, dup\u0103 dou\u0103 zile, adic\u0103 pe 24 septembrie, licita\u0163ia dedicat\u0103 unui num\u0103r de 13 locuri de parcare din cartierul Alexandru cel Bun, \u00een str. Basarabi nr. 9, la care se pot \u00eenscrie proprietarii din imobilele apropiate: Z3, U1 bis, Z4 \u015fi Q3. La finalul lunii, respectiv pe 30 septembrie, va avea loc procedura \u00een urma c\u0103reia se vor \u00eenchiria 27 locuri de parcare, de aceast\u0103 dat\u0103 situate \u00een cartierul P\u0103curari, pe \u015fos. Pacurari nr. 67. Aceste spa\u0163ii pot fi rezervate de cei care locuiesc \u00een blocurile: 478 \u015fi 480C.<br \/>\nJoi, 2 octombrie, este planificat\u0103 ultima licita\u0163ie din aceast\u0103 serie. Vor fi scoase la licita\u0163ie 10 locuri de parcare aflate pe str. Clo\u015fca la nr. 12C. Pentru a le \u00eenchiria sunt a\u015ftepta\u0163i proprietarii din blocurile C2, C3, 12A \u015fi 12C. Potrivit legii, locatarii persoane fizice nu pot \u00eenchiria mai mult de un loc de parcare.\u00a0Pentru \u00eenscrierea la licita\u0163ie, locatarii trebuie s\u0103 depun\u0103 un dosar ce cuprinde copia actului de identitate a doritorului, copia actelor de proprietate sau \u00eenchiriere a locuin\u0163ei, copia actului de proprietate a autoturismului pentru care se dore\u015fte locul de parcare \u015fi certificatul de atestare fiscal\u0103 eliberat de DEFPL Ia\u015fi. Dosarul trebuie depus cu cel pu\u0163in dou\u0103 zile lucr\u0103toare \u00eenaintea desf\u0103\u015fur\u0103rii licita\u0163iei. Participantul trebuie s\u0103 achite pentru intrarea \u00een procedur\u0103 taxe totale de 65 lei. Acestea cuprind garan\u0163ia de participare (50 lei), taxa de participare (5 lei) \u015fi pre\u0163ul documenta\u0163iei (10 lei pe loc de parcare).<\/p>\n","protected":false},"excerpt":{"rendered":"<p>\u00cen urm\u0103toarele dou\u0103 s\u0103pt\u0103m\u00e2ni, Prim\u0103ria municipiului Ia\u0219i va scoate la licita\u0163ie pentru \u00eenchiriere un num\u0103r&#8230; <a class=\"meta-more\" href=\"https:\/\/infois.ro\/?p=13286\">more <span class=\"meta-nav\">&raquo;<\/span><\/a><\/p>\n","protected":false},"author":2,"featured_media":13287,"comment_status":"open","ping_status":"closed","sticky":false,"template":"","format":"standard","meta":{"footnotes":""},"categories":[1,41],"tags":[74,846,1671,5704,296,1952],"aioseo_notices":[],"_links":{"self":[{"href":"https:\/\/infois.ro\/index.php?rest_route=\/wp\/v2\/posts\/13286"}],"collection":[{"href":"https:\/\/infois.ro\/index.php?rest_route=\/wp\/v2\/posts"}],"about":[{"href":"https:\/\/infois.ro\/index.php?rest_route=\/wp\/v2\/types\/post"}],"author":[{"embeddable":true,"href":"https:\/\/infois.ro\/index.php?rest_route=\/wp\/v2\/users\/2"}],"replies":[{"embeddable":true,"href":"https:\/\/infois.ro\/index.php?rest_route=%2Fwp%2Fv2%2Fcomments&post=13286"}],"version-history":[{"count":1,"href":"https:\/\/infois.ro\/index.php?rest_route=\/wp\/v2\/posts\/13286\/revisions"}],"predecessor-version":[{"id":13288,"href":"https:\/\/infois.ro\/index.php?rest_route=\/wp\/v2\/posts\/13286\/revisions\/13288"}],"wp:featuredmedia":[{"embeddable":true,"href":"https:\/\/infois.ro\/index.php?rest_route=\/wp\/v2\/media\/13287"}],"wp:attachment":[{"href":"https:\/\/infois.ro\/index.php?rest_route=%2Fwp%2Fv2%2Fmedia&parent=13286"}],"wp:term":[{"taxonomy":"category","embeddable":true,"href":"https:\/\/infois.ro\/index.php?rest_route=%2Fwp%2Fv2%2Fcategories&post=13286"},{"taxonomy":"post_tag","embeddable":true,"href":"https:\/\/infois.ro\/index.php?rest_route=%2Fwp%2Fv2%2Ftags&post=13286"}],"curies":[{"name":"wp","href":"https:\/\/api.w.org\/{rel}","templated":true}]}}