{"id":1332,"date":"2012-08-09T15:36:55","date_gmt":"2012-08-09T12:36:55","guid":{"rendered":"http:\/\/infois.ro\/?p=1332"},"modified":"2012-08-09T15:36:55","modified_gmt":"2012-08-09T12:36:55","slug":"presedintii-si-membrii-sectiilor-de-votare-de-la-referendum-nu-se-ingramadesc-sa-si-ridice-banii","status":"publish","type":"post","link":"https:\/\/infois.ro\/?p=1332","title":{"rendered":"Pre\u015fedin\u0163ii \u015fi membrii sec\u0163iilor de votare de la referendum nu se \u00eengr\u0103m\u0103desc s\u0103-\u015fi ridice banii"},"content":{"rendered":"<p style=\"text-align: justify;\"><a class=\"highslide\" onclick=\"return vz.expand(this)\" href=\"http:\/\/infois.ro\/wp-content\/uploads\/2012\/08\/bani1.jpg\"><img loading=\"lazy\" decoding=\"async\" class=\"alignnone size-large wp-image-1333\" title=\"Imagini regizate cu bancnote, 8 noiembrie 2007. Foto: Andrei Spirache\" src=\"http:\/\/infois.ro\/wp-content\/uploads\/cache\/2012\/08\/bani1\/3595445242.jpg\" alt=\"\" width=\"600\" height=\"400\" \/><\/a><\/p>\n<p style=\"text-align: justify;\">Pre\u015fedin\u0163ii \u015fi membrii sec\u0163iilor de votare de la referendum, din municipiul Ia\u015fi nu se \u00eengr\u0103m\u0103desc s\u0103-\u015fi ridice sumele cuvenite prin lege pentru munca prestat\u0103 cu ocazia desf\u0103\u015fur\u0103rii scrutinului, din totalul celor circa 1.650 de persoane care trebuia s\u0103 fac\u0103 acest lucru, la casieriile Prefecturii prezent\u00e2ndu-se p\u00e2n\u0103 acum doar aproximativ 1.500 dintre ace\u015ftia. Dup\u0103 cum a declarat Felix Guzg\u0103, purt\u0103torul de cuv\u00e2nt al Institu\u0163iei Prefectului Jude\u0163ului Ia\u015fi, miercuri, 8 august, la pr\u00e2nz, la casierii mai erau a\u015ftepta\u0163i s\u0103 vin\u0103 s\u0103-\u015fi ridice banii de la referendum 123 de persoane, dintre care 15 pre\u015fedin\u0163i de sec\u0163ii de votare \u015fi 108 membri din cadrul sec\u0163iilor de votare din municipiul Ia\u015fi. La referendumul privind demiterea pre\u015fedintelui Traian B\u0103sescu, desf\u0103\u015furat pe 29 iulie, \u00een municipiul Ia\u015fi au fost amenajate 236 de sec\u0163ii de votare. \u00cen total, la nivelul jude\u0163ului Ia\u015fi, num\u0103rul sec\u0163iilor de votare a fost de 708. Perioada \u00een care pre\u015fedin\u0163ii \u015fi membrii sec\u0163iilor de votare din municipiu \u015fi jude\u0163 \u00ee\u015fi mai pot ridica banii de la referendum este de miercuri p\u00e2n\u0103 vineri, inclusiv, \u00eentre orele 10.00 \u2013 12.30, respectiv \u00eentre orele 13.00 \u2013 17.00. Potrivit legii, pre\u015fedintele unei sec\u0163ii de votare va primi suma de 224 de lei net pentru activitatea prestat\u0103 la referendum, \u00een timp ce un membru al unei sec\u0163ii de votare va fi recompensat pentru munca desf\u0103\u015furat\u0103 cu suma de 153 de lei net.<\/p>\n","protected":false},"excerpt":{"rendered":"<p>Pre\u015fedin\u0163ii \u015fi membrii sec\u0163iilor de votare de la referendum, din municipiul Ia\u015fi nu se \u00eengr\u0103m\u0103desc&#8230; <a class=\"meta-more\" href=\"https:\/\/infois.ro\/?p=1332\">more <span class=\"meta-nav\">&raquo;<\/span><\/a><\/p>\n","protected":false},"author":2,"featured_media":1333,"comment_status":"open","ping_status":"open","sticky":false,"template":"","format":"standard","meta":{"footnotes":""},"categories":[1],"tags":[446,511],"aioseo_notices":[],"_links":{"self":[{"href":"https:\/\/infois.ro\/index.php?rest_route=\/wp\/v2\/posts\/1332"}],"collection":[{"href":"https:\/\/infois.ro\/index.php?rest_route=\/wp\/v2\/posts"}],"about":[{"href":"https:\/\/infois.ro\/index.php?rest_route=\/wp\/v2\/types\/post"}],"author":[{"embeddable":true,"href":"https:\/\/infois.ro\/index.php?rest_route=\/wp\/v2\/users\/2"}],"replies":[{"embeddable":true,"href":"https:\/\/infois.ro\/index.php?rest_route=%2Fwp%2Fv2%2Fcomments&post=1332"}],"version-history":[{"count":2,"href":"https:\/\/infois.ro\/index.php?rest_route=\/wp\/v2\/posts\/1332\/revisions"}],"predecessor-version":[{"id":1335,"href":"https:\/\/infois.ro\/index.php?rest_route=\/wp\/v2\/posts\/1332\/revisions\/1335"}],"wp:featuredmedia":[{"embeddable":true,"href":"https:\/\/infois.ro\/index.php?rest_route=\/wp\/v2\/media\/1333"}],"wp:attachment":[{"href":"https:\/\/infois.ro\/index.php?rest_route=%2Fwp%2Fv2%2Fmedia&parent=1332"}],"wp:term":[{"taxonomy":"category","embeddable":true,"href":"https:\/\/infois.ro\/index.php?rest_route=%2Fwp%2Fv2%2Fcategories&post=1332"},{"taxonomy":"post_tag","embeddable":true,"href":"https:\/\/infois.ro\/index.php?rest_route=%2Fwp%2Fv2%2Ftags&post=1332"}],"curies":[{"name":"wp","href":"https:\/\/api.w.org\/{rel}","templated":true}]}}